{"id":23068,"date":"2024-10-21T01:09:04","date_gmt":"2024-10-20T23:09:04","guid":{"rendered":"https:\/\/www.pacteindustrial.org\/blog\/el-pacto-industrial-participa-en-una-jornada-sobre-el-rol-estrategico-de-los-poligonos-industriales\/"},"modified":"2026-02-10T13:57:25","modified_gmt":"2026-02-10T11:57:25","slug":"el-pacto-industrial-participa-en-una-jornada-sobre-el-rol-estrategico-de-los-poligonos-industriales","status":"publish","type":"post","link":"https:\/\/www.pacteindustrial.org\/es\/blog\/el-pacto-industrial-participa-en-una-jornada-sobre-el-rol-estrategico-de-los-poligonos-industriales\/","title":{"rendered":"El Pacto Industrial participa en una jornada sobre el rol estrat\u00e9gico de los pol\u00edgonos industriales"},"content":{"rendered":"\n<p>La <a href=\"https:\/\/www.diba.cat\/es\/\" target=\"_blank\" rel=\"noopener\"><strong>Diputaci\u00f3n de Barcelona<\/strong><\/a> ha organizado la <strong>jornada \u00abImpulsando la pol\u00edtica industrial: el rol estrat\u00e9gico de los pol\u00edgonos\u00bb<\/strong> con el objetivo de poner en valor estos espacios y su <strong>papel relevante para el progreso econ\u00f3mico y social de la ciudadan\u00eda y las empresas<\/strong>. El coordinador gerente del Pacto Industrial, <strong>Carles Rivera<\/strong>, ha participado en una de las mesas redondas.<\/p>\n\n<figure class=\"wp-block-image size-large\"><img loading=\"lazy\" width=\"1024\" height=\"768\" src=\"https:\/\/www.pacteindustrial.org\/wp-content\/uploads\/2024\/10\/2024.10.18_Foto-1.jpg\" alt=\"\" class=\"wp-image-23049\" srcset=\"https:\/\/www.pacteindustrial.org\/wp-content\/uploads\/2024\/10\/2024.10.18_Foto-1.jpg 1024w, https:\/\/www.pacteindustrial.org\/wp-content\/uploads\/2024\/10\/2024.10.18_Foto-1-300x225.jpg 300w, https:\/\/www.pacteindustrial.org\/wp-content\/uploads\/2024\/10\/2024.10.18_Foto-1-768x576.jpg 768w, https:\/\/www.pacteindustrial.org\/wp-content\/uploads\/2024\/10\/2024.10.18_Foto-1-200x150.jpg 200w\" sizes=\"(max-width: 1024px) 100vw, 1024px\" \/><figcaption>De izq. a dcha.: Llu\u00efsa Moret, Jordi Hereu y Miquel S\u00e0mper.<\/figcaption><\/figure>\n<p>La bienvenida institucional a la jornada ha ido a cargo de <strong>Jordi Hereu<\/strong>, ministro de <a href=\"https:\/\/industria.gob.es\/es-es\/Paginas\/Index.aspx\" target=\"_blank\" rel=\"noopener\">Industria y Turismo<\/a> del Gobierno de Espa\u00f1a; <strong>Llu\u00efsa Moret<\/strong>, presidenta de la <a href=\"https:\/\/www.diba.cat\/es\/\" target=\"_blank\" rel=\"noopener\">Diputaci\u00f3n de Barcelona<\/a>, y <strong>Miquel S\u00e0mper<\/strong>, consejero de <a href=\"https:\/\/empresa.gencat.cat\/ca\/inici\" target=\"_blank\" rel=\"noopener\">Empresa y Trabajo<\/a> de la Generalitat de Catalu\u00f1a. <strong>Moret<\/strong> ha destacado la apuesta de la Diputaci\u00f3n para apoyar a la <strong>modernizaci\u00f3n de los pol\u00edgonos<\/strong> teniendo en cuenta la <strong>transici\u00f3n energ\u00e9tica<\/strong> y la <strong>digitalizaci\u00f3n<\/strong>. Tambi\u00e9n ha se\u00f1alado que hay que establecer <strong>alianzas p\u00fablico-privadas y el trabajo conjunto entre las administraciones<\/strong>. <strong>S\u00e0mper<\/strong> ha reivindicado la necesidad de una <strong>pol\u00edtica conjunta<\/strong> sobre pol\u00edgonos en que se sumen esfuerzos de todas las administraciones. Por su parte, <strong>Hereu<\/strong> ha remarcado que <strong>necesitamos industria para defender una Europa m\u00e1s fuerte<\/strong>, y que hay que fortalecer su base productiva. En este sentido, ha anunciado la pr\u00f3xima <strong>convocatoria del PERTE chip dotada con 200 MEUR<\/strong>. Y ha apuntado que la <strong>Ley de Industria<\/strong> que prepara el gobierno espa\u00f1ol incorpora el concepto de <strong>autonom\u00eda estrat\u00e9gica<\/strong>.<\/p>\n\n<h2>Pol\u00edtica industrial y pol\u00edgonos<\/h2>\n\n<p>La mesa redonda \u00abPol\u00edtica industrial y pol\u00edgonos: visi\u00f3n y propuestas\u00bb se ha iniciado con la intervenci\u00f3n de <strong>Ana Mar\u00eda Mart\u00ednez<\/strong>, presidenta del \u00c1rea de Desarrollo Econ\u00f3mico y Turismo de la Diputaci\u00f3n de Barcelona y alcaldesa de <a href=\"https:\/\/www.rubi.cat\/\" target=\"_blank\" rel=\"noopener\">Rub\u00ed<\/a>, quien ha hecho una diagnosis de los 817 pol\u00edgonos de la provincia de Barcelona y ha remarcado la importancia de los <strong>recursos<\/strong> que destina la Diputaci\u00f3n para su <strong>modernizaci\u00f3n<\/strong> y superar las problem\u00e1ticas actuales. Y en este sentido, ha recordado el reciente anuncio de la Diputaci\u00f3n de Barcelona de destinar <a href=\"https:\/\/www.diba.cat\/es\/web\/economieslocals\/programa-poligons-25-28\" target=\"_blank\" rel=\"noopener\">30 MEUR al Programa de Mejora de Pol\u00edgonos Industriales<\/a>.<\/p>\n\n<figure class=\"wp-block-image size-large\"><img loading=\"lazy\" width=\"1024\" height=\"768\" src=\"https:\/\/www.pacteindustrial.org\/wp-content\/uploads\/2024\/10\/2024.10.18_Foto-2.jpg\" alt=\"\" class=\"wp-image-23052\" srcset=\"https:\/\/www.pacteindustrial.org\/wp-content\/uploads\/2024\/10\/2024.10.18_Foto-2.jpg 1024w, https:\/\/www.pacteindustrial.org\/wp-content\/uploads\/2024\/10\/2024.10.18_Foto-2-300x225.jpg 300w, https:\/\/www.pacteindustrial.org\/wp-content\/uploads\/2024\/10\/2024.10.18_Foto-2-768x576.jpg 768w, https:\/\/www.pacteindustrial.org\/wp-content\/uploads\/2024\/10\/2024.10.18_Foto-2-200x150.jpg 200w\" sizes=\"(max-width: 1024px) 100vw, 1024px\" \/><figcaption>De izq. a dcha.: S\u00edlvia Solanellas, David Gim\u00e9nez, Ana Mar\u00eda Mart\u00ednez, Ester Pujol, Salvador Guillermo y Carles Rivera.<\/figcaption><\/figure>\n<p>La mesa redonda ha contado con las intervenciones de <strong>Ester Pujol<\/strong>, directora del \u00c1rea de Desarrollo Social y Econ\u00f3mico del <a href=\"https:\/\/www.amb.cat\/s\/es\/home.html\" target=\"_blank\" rel=\"noopener\">\u00c1rea Metropolitana de Barcelona<\/a>; <strong>David Gim\u00e9nez<\/strong>, director gerente de la <a href=\"https:\/\/pimec.org\/es\" target=\"_blank\" rel=\"noopener\">Peque\u00f1a y Mediana Empresa de Catalu\u00f1a (Pimec)<\/a>; <strong>Carles Rivera<\/strong>, coordinador gerente del Pacto Industrial de la Regi\u00f3n Metropolitana de Barcelona; <strong>S\u00edlvia Solanellas<\/strong>, directora estrat\u00e9gica de la <a href=\"https:\/\/www.upiccambra.cat\/es\/\" target=\"_blank\" rel=\"noopener\">Uni\u00f3n de Pol\u00edgonos Industriales de Catalu\u00f1a (UPIC)<\/a>, y <strong>Salvador Guillermo<\/strong>, director de Econom\u00eda y Estudios de <a href=\"https:\/\/www.foment.com\/es\/\" target=\"_blank\" rel=\"noopener\">Fomento del Trabajo<\/a>.<\/p>\n\n<figure class=\"wp-block-pullquote\"><blockquote><p>La redacci\u00f3n durante 2025 del nuevo Pacto Nacional para la Industria tiene que permitir un salto en ambici\u00f3n en las pol\u00edticas industriales, en l\u00ednea con la nueva pol\u00edtica industrial europea Clean Industrial Deal y el anteproyecto de Ley de Industria y Autonom\u00eda Estrat\u00e9gica.<\/p><cite>CARLES RIVERA, COORDINADOR GERENTE DEL PACTO INDUSTRIAL<\/cite><\/blockquote><\/figure>\n<p><strong>Rivera<\/strong> ha recordado que el <strong>Pacto Industrial<\/strong> ha contribuido desde sus or\u00edgenes a <strong>poner en la agenda pol\u00edtica los pol\u00edgonos industriales<\/strong> para resolver sus necesidades. Tambi\u00e9n ha recalcado la oportunidad que representa la convocatoria del <strong>Programa de Pol\u00edgonos de la Diputaci\u00f3n<\/strong> para <strong>articular, relanzar y mejorar los procesos de di\u00e1logo y concertaci\u00f3n entre los entes locales y las empresas<\/strong>, y velar por la <strong>colaboraci\u00f3n p\u00fablico-privada<\/strong>. El coordinador gerente del Pacto Industrial tambi\u00e9n ha apuntado que la redacci\u00f3n durante 2025 del <strong>nuevo Pacto Nacional para la Industria<\/strong> tiene que permitir un <strong>salto en ambici\u00f3n en las pol\u00edticas industriales<\/strong>, en l\u00ednea con la nueva pol\u00edtica industrial europea <a href=\"https:\/\/commission.europa.eu\/strategy-and-policy\/priorities-2019-2024\/european-green-deal\/green-deal-industrial-plan_es\" target=\"_blank\" rel=\"noopener\"><strong>Clean Industrial Deal<\/strong><\/a> y el <a href=\"https:\/\/industria.gob.es\/es-es\/participacion_publica\/Paginas\/DetalleParticipacionPublica.aspx?k=680\" target=\"_blank\" rel=\"noopener\">anteproyecto de <strong>Ley de Industria y Autonom\u00eda Estrat\u00e9gica<\/strong><\/a>.<\/p>\n","protected":false},"excerpt":{"rendered":"<p>La Diputaci\u00f3n de Barcelona ha organizado la jornada \u00abImpulsando la pol\u00edtica industrial: el rol estrat\u00e9gico de los pol\u00edgonos\u00bb con el objetivo de poner en valor estos espacios y su papel relevante para el progreso econ\u00f3mico y social de la ciudadan\u00eda y las empresas. El coordinador gerente del Pacto Industrial, Carles Rivera, ha participado en una [&#8230;]<\/p>\n","protected":false},"author":6,"featured_media":23055,"comment_status":"open","ping_status":"open","sticky":false,"template":"","format":"standard","meta":[],"categories":[336],"tags":[289,303],"post_scope":[186,187],"yoast_head":"<!-- This site is optimized with the Yoast SEO plugin v16.1.1 - https:\/\/yoast.com\/wordpress\/plugins\/seo\/ -->\n<title>El Pacto Industrial participa en una jornada sobre el rol estrat\u00e9gico de los pol\u00edgonos industriales - Pacte Industrial RMB<\/title>\n<link rel=\"canonical\" href=\"https:\/\/www.pacteindustrial.org\/es\/blog\/el-pacto-industrial-participa-en-una-jornada-sobre-el-rol-estrategico-de-los-poligonos-industriales\/\" \/>\n<meta property=\"og:locale\" content=\"es_ES\" \/>\n<meta property=\"og:type\" content=\"article\" \/>\n<meta property=\"og:title\" content=\"El Pacto Industrial participa en una jornada sobre el rol estrat\u00e9gico de los pol\u00edgonos industriales - Pacte Industrial RMB\" \/>\n<meta property=\"og:description\" content=\"La Diputaci\u00f3n de Barcelona ha organizado la jornada \u00abImpulsando la pol\u00edtica industrial: el rol estrat\u00e9gico de los pol\u00edgonos\u00bb con el objetivo de poner en valor estos espacios y su papel relevante para el progreso econ\u00f3mico y social de la ciudadan\u00eda y las empresas. El coordinador gerente del Pacto Industrial, Carles Rivera, ha participado en una [...]\" \/>\n<meta property=\"og:url\" content=\"https:\/\/www.pacteindustrial.org\/es\/blog\/el-pacto-industrial-participa-en-una-jornada-sobre-el-rol-estrategico-de-los-poligonos-industriales\/\" \/>\n<meta property=\"og:site_name\" content=\"Pacte Industrial RMB\" \/>\n<meta property=\"article:published_time\" content=\"2024-10-20T23:09:04+00:00\" \/>\n<meta property=\"article:modified_time\" content=\"2026-02-10T11:57:25+00:00\" \/>\n<meta property=\"og:image\" content=\"https:\/\/www.pacteindustrial.org\/wp-content\/uploads\/2024\/10\/2024.10.18_Foto-3.jpg\" \/>\n\t<meta property=\"og:image:width\" content=\"1024\" \/>\n\t<meta property=\"og:image:height\" content=\"768\" \/>\n<meta name=\"twitter:card\" content=\"summary_large_image\" \/>\n<meta name=\"twitter:label1\" content=\"Tiempo de lectura\">\n\t<meta name=\"twitter:data1\" content=\"3 minutos\">\n<script type=\"application\/ld+json\" class=\"yoast-schema-graph\">{\"@context\":\"https:\/\/schema.org\",\"@graph\":[{\"@type\":\"WebSite\",\"@id\":\"https:\/\/www.pacteindustrial.org\/ca\/#website\",\"url\":\"https:\/\/www.pacteindustrial.org\/ca\/\",\"name\":\"Pacte Industrial RMB\",\"description\":\"\",\"potentialAction\":[{\"@type\":\"SearchAction\",\"target\":\"https:\/\/www.pacteindustrial.org\/ca\/?s={search_term_string}\",\"query-input\":\"required name=search_term_string\"}],\"inLanguage\":\"es\"},{\"@type\":\"ImageObject\",\"@id\":\"https:\/\/www.pacteindustrial.org\/es\/blog\/el-pacto-industrial-participa-en-una-jornada-sobre-el-rol-estrategico-de-los-poligonos-industriales\/#primaryimage\",\"inLanguage\":\"es\",\"url\":\"https:\/\/www.pacteindustrial.org\/wp-content\/uploads\/2024\/10\/2024.10.18_Foto-3.jpg\",\"contentUrl\":\"https:\/\/www.pacteindustrial.org\/wp-content\/uploads\/2024\/10\/2024.10.18_Foto-3.jpg\",\"width\":1024,\"height\":768},{\"@type\":\"WebPage\",\"@id\":\"https:\/\/www.pacteindustrial.org\/es\/blog\/el-pacto-industrial-participa-en-una-jornada-sobre-el-rol-estrategico-de-los-poligonos-industriales\/#webpage\",\"url\":\"https:\/\/www.pacteindustrial.org\/es\/blog\/el-pacto-industrial-participa-en-una-jornada-sobre-el-rol-estrategico-de-los-poligonos-industriales\/\",\"name\":\"El Pacto Industrial participa en una jornada sobre el rol estrat\\u00e9gico de los pol\\u00edgonos industriales - Pacte Industrial RMB\",\"isPartOf\":{\"@id\":\"https:\/\/www.pacteindustrial.org\/ca\/#website\"},\"primaryImageOfPage\":{\"@id\":\"https:\/\/www.pacteindustrial.org\/es\/blog\/el-pacto-industrial-participa-en-una-jornada-sobre-el-rol-estrategico-de-los-poligonos-industriales\/#primaryimage\"},\"datePublished\":\"2024-10-20T23:09:04+00:00\",\"dateModified\":\"2026-02-10T11:57:25+00:00\",\"author\":{\"@id\":\"https:\/\/www.pacteindustrial.org\/ca\/#\/schema\/person\/f468d9850ca7905907ca1d9a87dd47a4\"},\"breadcrumb\":{\"@id\":\"https:\/\/www.pacteindustrial.org\/es\/blog\/el-pacto-industrial-participa-en-una-jornada-sobre-el-rol-estrategico-de-los-poligonos-industriales\/#breadcrumb\"},\"inLanguage\":\"es\",\"potentialAction\":[{\"@type\":\"ReadAction\",\"target\":[\"https:\/\/www.pacteindustrial.org\/es\/blog\/el-pacto-industrial-participa-en-una-jornada-sobre-el-rol-estrategico-de-los-poligonos-industriales\/\"]}]},{\"@type\":\"BreadcrumbList\",\"@id\":\"https:\/\/www.pacteindustrial.org\/es\/blog\/el-pacto-industrial-participa-en-una-jornada-sobre-el-rol-estrategico-de-los-poligonos-industriales\/#breadcrumb\",\"itemListElement\":[{\"@type\":\"ListItem\",\"position\":1,\"item\":{\"@type\":\"WebPage\",\"@id\":\"https:\/\/www.pacteindustrial.org\/es\/\",\"url\":\"https:\/\/www.pacteindustrial.org\/es\/\",\"name\":\"Home\"}},{\"@type\":\"ListItem\",\"position\":2,\"item\":{\"@type\":\"WebPage\",\"@id\":\"https:\/\/www.pacteindustrial.org\/es\/blog\/el-pacto-industrial-participa-en-una-jornada-sobre-el-rol-estrategico-de-los-poligonos-industriales\/\",\"url\":\"https:\/\/www.pacteindustrial.org\/es\/blog\/el-pacto-industrial-participa-en-una-jornada-sobre-el-rol-estrategico-de-los-poligonos-industriales\/\",\"name\":\"El Pacto Industrial participa en una jornada sobre el rol estrat\\u00e9gico de los pol\\u00edgonos industriales\"}}]},{\"@type\":\"Person\",\"@id\":\"https:\/\/www.pacteindustrial.org\/ca\/#\/schema\/person\/f468d9850ca7905907ca1d9a87dd47a4\",\"name\":\"cmartinez@pacteindustrial.org\",\"image\":{\"@type\":\"ImageObject\",\"@id\":\"https:\/\/www.pacteindustrial.org\/ca\/#personlogo\",\"inLanguage\":\"es\",\"url\":\"https:\/\/secure.gravatar.com\/avatar\/fcee0cfd9e0b9895b8dd291573c84526?s=96&d=mm&r=g\",\"contentUrl\":\"https:\/\/secure.gravatar.com\/avatar\/fcee0cfd9e0b9895b8dd291573c84526?s=96&d=mm&r=g\",\"caption\":\"cmartinez@pacteindustrial.org\"}}]}<\/script>\n<!-- \/ Yoast SEO plugin. -->","_links":{"self":[{"href":"https:\/\/www.pacteindustrial.org\/es\/wp-json\/wp\/v2\/posts\/23068"}],"collection":[{"href":"https:\/\/www.pacteindustrial.org\/es\/wp-json\/wp\/v2\/posts"}],"about":[{"href":"https:\/\/www.pacteindustrial.org\/es\/wp-json\/wp\/v2\/types\/post"}],"author":[{"embeddable":true,"href":"https:\/\/www.pacteindustrial.org\/es\/wp-json\/wp\/v2\/users\/6"}],"replies":[{"embeddable":true,"href":"https:\/\/www.pacteindustrial.org\/es\/wp-json\/wp\/v2\/comments?post=23068"}],"version-history":[{"count":7,"href":"https:\/\/www.pacteindustrial.org\/es\/wp-json\/wp\/v2\/posts\/23068\/revisions"}],"predecessor-version":[{"id":26261,"href":"https:\/\/www.pacteindustrial.org\/es\/wp-json\/wp\/v2\/posts\/23068\/revisions\/26261"}],"wp:featuredmedia":[{"embeddable":true,"href":"https:\/\/www.pacteindustrial.org\/es\/wp-json\/wp\/v2\/media\/23055"}],"wp:attachment":[{"href":"https:\/\/www.pacteindustrial.org\/es\/wp-json\/wp\/v2\/media?parent=23068"}],"wp:term":[{"taxonomy":"category","embeddable":true,"href":"https:\/\/www.pacteindustrial.org\/es\/wp-json\/wp\/v2\/categories?post=23068"},{"taxonomy":"post_tag","embeddable":true,"href":"https:\/\/www.pacteindustrial.org\/es\/wp-json\/wp\/v2\/tags?post=23068"},{"taxonomy":"post_scope","embeddable":true,"href":"https:\/\/www.pacteindustrial.org\/es\/wp-json\/wp\/v2\/post_scope?post=23068"}],"curies":[{"name":"wp","href":"https:\/\/api.w.org\/{rel}","templated":true}]}}