{"id":26427,"date":"2026-02-19T13:48:57","date_gmt":"2026-02-19T11:48:57","guid":{"rendered":"https:\/\/www.pacteindustrial.org\/?p=26427"},"modified":"2026-02-19T13:59:03","modified_gmt":"2026-02-19T11:59:03","slug":"reunion-con-la-secretaria-general-de-ccoo-de-cataluna","status":"publish","type":"post","link":"https:\/\/www.pacteindustrial.org\/es\/blog\/reunion-con-la-secretaria-general-de-ccoo-de-cataluna\/","title":{"rendered":"Reuni\u00f3n con la secretaria general de CCOO de Catalu\u00f1a"},"content":{"rendered":"\n<p>La presidenta del Comit\u00e9 Ejecutivo del Pacto Industrial, <strong>Ana Mar\u00eda Mart\u00ednez<\/strong>, se ha reunido con la secretaria general de <a href=\"https:\/\/es.ccoo.cat\/\" target=\"_blank\" rel=\"noopener\">CCOO de Catalu\u00f1a<\/a>, <strong>Bel\u00e9n L\u00f3pez<\/strong>, con el objetivo de fortalecer la <strong>colaboraci\u00f3n entre ambas entidades y reforzar el compromiso compartido con el desarrollo industrial del territorio<\/strong>.<\/p>\n\n<p>El sindicato CCOO de Catalu\u00f1a es <strong>socio fundador<\/strong> del Pacto Industrial y, tradicionalmente, ha presidido la <strong>Comisi\u00f3n de Actividad Econ\u00f3mica<\/strong> de la asociaci\u00f3n. Esta comisi\u00f3n centra su tarea en el \u00e1mbito de los <strong>pol\u00edgonos industriales<\/strong> y, recientemente, ha impulsado una gira territorial de presentaci\u00f3n del <strong>estudio <a href=\"https:\/\/www.pacteindustrial.org\/es\/publicaciones\/poligonos-de-actividad-economica-en-catalunya-retos-y-escenarios-reguladores\/\"><em>Pol\u00edgonos de actividad econ\u00f3mica en Catalu\u00f1a: retos y escenarios reguladores<\/em><\/a><\/strong>, elaborado por encargo de la Direcci\u00f3n General de Industria de la Generalitat de Catalunya y del Pacto Industrial.<\/p>\n\n<p>En el encuentro &#8211;celebrado el 17 de febrero en la sede central del sindicato en Barcelona&#8211; tambi\u00e9n han participado, por parte del Pacto Industrial, <strong>Carles Rivera<\/strong>, coordinador gerente, y <strong>Sandra Jos\u00e9<\/strong>, t\u00e9cnica de Proyectos y Socios; y, por parte de CCOO de Catalu\u00f1a, <strong>Liliana Reyes<\/strong>, secretaria de Nuevas Realidades del Trabajo, Territorio y Migraciones \u2013y vicepresidenta del Consejo General del Pacto Industrial\u2013; <strong>Cristina Rodr\u00edguez<\/strong>, secretaria de Transiciones Justas y Territorio, y <strong>Salvador Clar\u00f3s<\/strong>, responsable de Pol\u00edtica Sectorial \u2013y presidente de la Comisi\u00f3n de Actividad Econ\u00f3mica del Pacto Industrial.<\/p>\n\n<p>Durante la reuni\u00f3n, <strong>Ana Mar\u00eda Mart\u00ednez<\/strong> ha destacado el Pacto Industrial como un <strong>espacio de alianzas que permite hacer aterrizar en el territorio la visi\u00f3n de la concertaci\u00f3n de la pol\u00edtica industrial europea<\/strong>. En la misma l\u00ednea, <strong>Liliana Reyes<\/strong> se ha comprometido a<strong> impulsar la colaboraci\u00f3n<\/strong> y a aportar propuestas que permitan aterrizar las pol\u00edticas industriales en el territorio metropolitano. En este sentido, se ha planteado la necesidad de <strong>promover espacios de debate sobre la concertaci\u00f3n social en el \u00e1mbito industrial en la regi\u00f3n metropolitana de Barcelona<\/strong>, como motor para impulsar la actividad y la ocupaci\u00f3n industriales.<\/p>\n\n<figure class=\"wp-block-image size-large\"><img loading=\"lazy\" width=\"1024\" height=\"768\" src=\"https:\/\/www.pacteindustrial.org\/wp-content\/uploads\/2026\/02\/2026.02.17_Foto-2.jpg\" alt=\"\" class=\"wp-image-26436\" srcset=\"https:\/\/www.pacteindustrial.org\/wp-content\/uploads\/2026\/02\/2026.02.17_Foto-2.jpg 1024w, https:\/\/www.pacteindustrial.org\/wp-content\/uploads\/2026\/02\/2026.02.17_Foto-2-300x225.jpg 300w, https:\/\/www.pacteindustrial.org\/wp-content\/uploads\/2026\/02\/2026.02.17_Foto-2-768x576.jpg 768w, https:\/\/www.pacteindustrial.org\/wp-content\/uploads\/2026\/02\/2026.02.17_Foto-2-200x150.jpg 200w\" sizes=\"(max-width: 1024px) 100vw, 1024px\" \/><figcaption>De izq. a dcha.: Ana Mar\u00eda Mart\u00ednez, Carles Rivera, Salvador Clar\u00f3s y Liliana Reyes.<\/figcaption><\/figure>\n<p>Por su parte, <strong>Bel\u00e9n L\u00f3pez<\/strong> ha se\u00f1alado que el contexto actual obliga a <strong>repensar la movilidad, la industria y el modelo de pol\u00edgonos industriales<\/strong>. <strong>Salvador Clar\u00f3s<\/strong> ha a\u00f1adido que el <strong>dise\u00f1o de los pol\u00edgonos tiene que alinearse con las pol\u00edticas industriales, y no responder \u00fanicamente a criterios de ordenaci\u00f3n urban\u00edstica<\/strong>. Finalmente, ambas entidades han acordado trabajar conjuntamente porque el nuevo Pacto Nacional para la Industria (PNI) d\u00e9 respuesta a los retos industriales presentes y futuros, y pueda aplicarse de manera efectiva en el territorio.<\/p>\n","protected":false},"excerpt":{"rendered":"<p>La presidenta del Comit\u00e9 Ejecutivo del Pacto Industrial, Ana Mar\u00eda Mart\u00ednez, se ha reunido con la secretaria general de CCOO de Catalu\u00f1a, Bel\u00e9n L\u00f3pez, con el objetivo de fortalecer la colaboraci\u00f3n entre ambas entidades y reforzar el compromiso compartido con el desarrollo industrial del territorio. El sindicato CCOO de Catalu\u00f1a es socio fundador del Pacto [&#8230;]<\/p>\n","protected":false},"author":6,"featured_media":26433,"comment_status":"open","ping_status":"open","sticky":false,"template":"","format":"standard","meta":[],"categories":[339],"tags":[457,458],"post_scope":[],"yoast_head":"<!-- This site is optimized with the Yoast SEO plugin v16.1.1 - https:\/\/yoast.com\/wordpress\/plugins\/seo\/ -->\n<title>Reuni\u00f3n con la secretaria general de CCOO de Catalu\u00f1a - Pacte Industrial RMB<\/title>\n<link rel=\"canonical\" href=\"https:\/\/www.pacteindustrial.org\/es\/blog\/reunion-con-la-secretaria-general-de-ccoo-de-cataluna\/\" \/>\n<meta property=\"og:locale\" content=\"es_ES\" \/>\n<meta property=\"og:type\" content=\"article\" \/>\n<meta property=\"og:title\" content=\"Reuni\u00f3n con la secretaria general de CCOO de Catalu\u00f1a - Pacte Industrial RMB\" \/>\n<meta property=\"og:description\" content=\"La presidenta del Comit\u00e9 Ejecutivo del Pacto Industrial, Ana Mar\u00eda Mart\u00ednez, se ha reunido con la secretaria general de CCOO de Catalu\u00f1a, Bel\u00e9n L\u00f3pez, con el objetivo de fortalecer la colaboraci\u00f3n entre ambas entidades y reforzar el compromiso compartido con el desarrollo industrial del territorio. El sindicato CCOO de Catalu\u00f1a es socio fundador del Pacto [...]\" \/>\n<meta property=\"og:url\" content=\"https:\/\/www.pacteindustrial.org\/es\/blog\/reunion-con-la-secretaria-general-de-ccoo-de-cataluna\/\" \/>\n<meta property=\"og:site_name\" content=\"Pacte Industrial RMB\" \/>\n<meta property=\"article:published_time\" content=\"2026-02-19T11:48:57+00:00\" \/>\n<meta property=\"article:modified_time\" content=\"2026-02-19T11:59:03+00:00\" \/>\n<meta property=\"og:image\" content=\"https:\/\/www.pacteindustrial.org\/wp-content\/uploads\/2026\/02\/2026.02.17_Foto-1.jpg\" \/>\n\t<meta property=\"og:image:width\" content=\"1024\" \/>\n\t<meta property=\"og:image:height\" content=\"768\" \/>\n<meta name=\"twitter:card\" content=\"summary_large_image\" \/>\n<meta name=\"twitter:label1\" content=\"Tiempo de lectura\">\n\t<meta name=\"twitter:data1\" content=\"2 minutos\">\n<script type=\"application\/ld+json\" class=\"yoast-schema-graph\">{\"@context\":\"https:\/\/schema.org\",\"@graph\":[{\"@type\":\"WebSite\",\"@id\":\"https:\/\/www.pacteindustrial.org\/ca\/#website\",\"url\":\"https:\/\/www.pacteindustrial.org\/ca\/\",\"name\":\"Pacte Industrial RMB\",\"description\":\"\",\"potentialAction\":[{\"@type\":\"SearchAction\",\"target\":\"https:\/\/www.pacteindustrial.org\/ca\/?s={search_term_string}\",\"query-input\":\"required name=search_term_string\"}],\"inLanguage\":\"es\"},{\"@type\":\"ImageObject\",\"@id\":\"https:\/\/www.pacteindustrial.org\/es\/blog\/reunion-con-la-secretaria-general-de-ccoo-de-cataluna\/#primaryimage\",\"inLanguage\":\"es\",\"url\":\"https:\/\/www.pacteindustrial.org\/wp-content\/uploads\/2026\/02\/2026.02.17_Foto-1.jpg\",\"contentUrl\":\"https:\/\/www.pacteindustrial.org\/wp-content\/uploads\/2026\/02\/2026.02.17_Foto-1.jpg\",\"width\":1024,\"height\":768},{\"@type\":\"WebPage\",\"@id\":\"https:\/\/www.pacteindustrial.org\/es\/blog\/reunion-con-la-secretaria-general-de-ccoo-de-cataluna\/#webpage\",\"url\":\"https:\/\/www.pacteindustrial.org\/es\/blog\/reunion-con-la-secretaria-general-de-ccoo-de-cataluna\/\",\"name\":\"Reuni\\u00f3n con la secretaria general de CCOO de Catalu\\u00f1a - Pacte Industrial RMB\",\"isPartOf\":{\"@id\":\"https:\/\/www.pacteindustrial.org\/ca\/#website\"},\"primaryImageOfPage\":{\"@id\":\"https:\/\/www.pacteindustrial.org\/es\/blog\/reunion-con-la-secretaria-general-de-ccoo-de-cataluna\/#primaryimage\"},\"datePublished\":\"2026-02-19T11:48:57+00:00\",\"dateModified\":\"2026-02-19T11:59:03+00:00\",\"author\":{\"@id\":\"https:\/\/www.pacteindustrial.org\/ca\/#\/schema\/person\/f468d9850ca7905907ca1d9a87dd47a4\"},\"breadcrumb\":{\"@id\":\"https:\/\/www.pacteindustrial.org\/es\/blog\/reunion-con-la-secretaria-general-de-ccoo-de-cataluna\/#breadcrumb\"},\"inLanguage\":\"es\",\"potentialAction\":[{\"@type\":\"ReadAction\",\"target\":[\"https:\/\/www.pacteindustrial.org\/es\/blog\/reunion-con-la-secretaria-general-de-ccoo-de-cataluna\/\"]}]},{\"@type\":\"BreadcrumbList\",\"@id\":\"https:\/\/www.pacteindustrial.org\/es\/blog\/reunion-con-la-secretaria-general-de-ccoo-de-cataluna\/#breadcrumb\",\"itemListElement\":[{\"@type\":\"ListItem\",\"position\":1,\"item\":{\"@type\":\"WebPage\",\"@id\":\"https:\/\/www.pacteindustrial.org\/es\/\",\"url\":\"https:\/\/www.pacteindustrial.org\/es\/\",\"name\":\"Home\"}},{\"@type\":\"ListItem\",\"position\":2,\"item\":{\"@type\":\"WebPage\",\"@id\":\"https:\/\/www.pacteindustrial.org\/es\/blog\/reunion-con-la-secretaria-general-de-ccoo-de-cataluna\/\",\"url\":\"https:\/\/www.pacteindustrial.org\/es\/blog\/reunion-con-la-secretaria-general-de-ccoo-de-cataluna\/\",\"name\":\"Reuni\\u00f3n con la secretaria general de CCOO de Catalu\\u00f1a\"}}]},{\"@type\":\"Person\",\"@id\":\"https:\/\/www.pacteindustrial.org\/ca\/#\/schema\/person\/f468d9850ca7905907ca1d9a87dd47a4\",\"name\":\"cmartinez@pacteindustrial.org\",\"image\":{\"@type\":\"ImageObject\",\"@id\":\"https:\/\/www.pacteindustrial.org\/ca\/#personlogo\",\"inLanguage\":\"es\",\"url\":\"https:\/\/secure.gravatar.com\/avatar\/fcee0cfd9e0b9895b8dd291573c84526?s=96&d=mm&r=g\",\"contentUrl\":\"https:\/\/secure.gravatar.com\/avatar\/fcee0cfd9e0b9895b8dd291573c84526?s=96&d=mm&r=g\",\"caption\":\"cmartinez@pacteindustrial.org\"}}]}<\/script>\n<!-- \/ Yoast SEO plugin. -->","_links":{"self":[{"href":"https:\/\/www.pacteindustrial.org\/es\/wp-json\/wp\/v2\/posts\/26427"}],"collection":[{"href":"https:\/\/www.pacteindustrial.org\/es\/wp-json\/wp\/v2\/posts"}],"about":[{"href":"https:\/\/www.pacteindustrial.org\/es\/wp-json\/wp\/v2\/types\/post"}],"author":[{"embeddable":true,"href":"https:\/\/www.pacteindustrial.org\/es\/wp-json\/wp\/v2\/users\/6"}],"replies":[{"embeddable":true,"href":"https:\/\/www.pacteindustrial.org\/es\/wp-json\/wp\/v2\/comments?post=26427"}],"version-history":[{"count":7,"href":"https:\/\/www.pacteindustrial.org\/es\/wp-json\/wp\/v2\/posts\/26427\/revisions"}],"predecessor-version":[{"id":26446,"href":"https:\/\/www.pacteindustrial.org\/es\/wp-json\/wp\/v2\/posts\/26427\/revisions\/26446"}],"wp:featuredmedia":[{"embeddable":true,"href":"https:\/\/www.pacteindustrial.org\/es\/wp-json\/wp\/v2\/media\/26433"}],"wp:attachment":[{"href":"https:\/\/www.pacteindustrial.org\/es\/wp-json\/wp\/v2\/media?parent=26427"}],"wp:term":[{"taxonomy":"category","embeddable":true,"href":"https:\/\/www.pacteindustrial.org\/es\/wp-json\/wp\/v2\/categories?post=26427"},{"taxonomy":"post_tag","embeddable":true,"href":"https:\/\/www.pacteindustrial.org\/es\/wp-json\/wp\/v2\/tags?post=26427"},{"taxonomy":"post_scope","embeddable":true,"href":"https:\/\/www.pacteindustrial.org\/es\/wp-json\/wp\/v2\/post_scope?post=26427"}],"curies":[{"name":"wp","href":"https:\/\/api.w.org\/{rel}","templated":true}]}}