{"id":26933,"date":"2026-04-29T12:35:39","date_gmt":"2026-04-29T10:35:39","guid":{"rendered":"https:\/\/www.pacteindustrial.org\/blog\/el-pacto-industrial-y-aemes-smart-apuestan-por-la-movilidad-sostenible-como-palanca-de-desarrollo-industrial-y-territorial\/"},"modified":"2026-04-29T12:53:34","modified_gmt":"2026-04-29T10:53:34","slug":"el-pacto-industrial-y-aemes-smart-apuestan-por-la-movilidad-sostenible-como-palanca-de-desarrollo-industrial-y-territorial","status":"publish","type":"post","link":"https:\/\/www.pacteindustrial.org\/es\/blog\/el-pacto-industrial-y-aemes-smart-apuestan-por-la-movilidad-sostenible-como-palanca-de-desarrollo-industrial-y-territorial\/","title":{"rendered":"El Pacto Industrial y AEMES Smart apuestan por la movilidad sostenible como palanca de desarrollo industrial y territorial"},"content":{"rendered":"\n<p>El <strong>Pacto Industrial de la Regi\u00f3n Metropolitana de Barcelona<\/strong> y\u00a0<a href=\"https:\/\/www.aemes-smart.com\/es\" target=\"_blank\" rel=\"noopener\"><strong>AEMES\u00a0Smart<\/strong><\/a> han organizado la jornada <strong>\u00abUn nuevo marco para la movilidad sostenible\u00bb<\/strong>.<\/p>\n\n<p>El acto, celebrado el 22 de abril en el Palau Macaya, ha contado con el apoyo de la <a href=\"https:\/\/fundacionlacaixa.org\/es\/\" target=\"_blank\" rel=\"noopener\"><strong>Fundaci\u00f3n \u201cla Caixa\u201d<\/strong><\/a>, la <a href=\"https:\/\/www.atm.cat\/es\/\" target=\"_blank\" rel=\"noopener\"><strong>ATM<\/strong><\/a>, la <a href=\"https:\/\/www.amb.cat\/es\/web\/guest\/home\" target=\"_blank\" rel=\"noopener\"><strong>AMB<\/strong><\/a>, la <a href=\"https:\/\/www.aeball.com\/es\/oficina-zero\" target=\"_blank\" rel=\"noopener\"><strong>Oficina Zero de AEBALL<\/strong><\/a> y el <strong>Foro Industria de la Movilidad Sostenible del Pacto Industrial<\/strong>. El objetivo ha sido explorar el nuevo escenario de la movilidad sostenible, con especial atenci\u00f3n al impacto de la nueva ley y al papel clave de las estrategias colaborativas para reforzar la competitividad empresarial y territorial.<\/p>\n\n<p>Con esta iniciativa, los organizadores han querido ir m\u00e1s all\u00e1 de un simple espacio de debate para consolidar una <strong>plataforma estable de reflexi\u00f3n, colaboraci\u00f3n y acci\u00f3n compartida entre los diferentes agentes implicados<\/strong>. El objetivo es <strong>avanzar de manera decidida hacia un modelo de movilidad m\u00e1s sostenible, pero tambi\u00e9n m\u00e1s competitivo y plenamente alineado con los retos econ\u00f3micos, sociales y ambientales que afronta el territorio<\/strong>.<\/p>\n\n<p>En este sentido, se ha puesto de relieve que la transformaci\u00f3n de la movilidad no se puede entender \u00fanicamente desde la perspectiva de la oferta, sino que es imprescindible impulsar tambi\u00e9n la <strong>demanda de soluciones sostenibles<\/strong>. Este elemento es clave para acelerar el desarrollo y la consolidaci\u00f3n del <strong>ecosistema industrial de la regi\u00f3n metropolitana de Barcelona<\/strong>, un entorno altamente din\u00e1mico e innovador que ya est\u00e1 generando respuestas concretas a los <strong>nuevos retos de movilidad<\/strong>.<\/p>\n\n<p>Este ecosistema incluye empresas e iniciativas vinculadas en el desarrollo de veh\u00edculos sostenibles, infraestructuras de recarga, sistemas energ\u00e9ticos avanzados y soluciones inteligentes de gesti\u00f3n de la movilidad, entre otros. Todo ello configura una <strong>cadena de valor estrat\u00e9gica que no solo contribuye a la descarbonizaci\u00f3n, sino que tambi\u00e9n refuerza la competitividad empresarial y la capacidad de atracci\u00f3n de inversiones del territorio<\/strong>.<\/p>\n<div class=\"whads-imagecarousel-block\"><ul class=\"image-list\"><li class=\"image-entry\"><img width=\"1024\" height=\"577\" src=\"https:\/\/www.pacteindustrial.org\/wp-content\/uploads\/2026\/04\/2026.04.22_Foto-3.jpg\" class=\"infographic-image\" alt=\"\" loading=\"lazy\" srcset=\"https:\/\/www.pacteindustrial.org\/wp-content\/uploads\/2026\/04\/2026.04.22_Foto-3.jpg 1024w, https:\/\/www.pacteindustrial.org\/wp-content\/uploads\/2026\/04\/2026.04.22_Foto-3-300x169.jpg 300w, https:\/\/www.pacteindustrial.org\/wp-content\/uploads\/2026\/04\/2026.04.22_Foto-3-768x433.jpg 768w, https:\/\/www.pacteindustrial.org\/wp-content\/uploads\/2026\/04\/2026.04.22_Foto-3-200x113.jpg 200w\" sizes=\"(max-width: 1024px) 100vw, 1024px\" \/><\/li><li class=\"image-entry\"><img width=\"1024\" height=\"577\" src=\"https:\/\/www.pacteindustrial.org\/wp-content\/uploads\/2026\/04\/2026.04.22_Foto-4.jpg\" class=\"infographic-image\" alt=\"\" loading=\"lazy\" srcset=\"https:\/\/www.pacteindustrial.org\/wp-content\/uploads\/2026\/04\/2026.04.22_Foto-4.jpg 1024w, https:\/\/www.pacteindustrial.org\/wp-content\/uploads\/2026\/04\/2026.04.22_Foto-4-300x169.jpg 300w, https:\/\/www.pacteindustrial.org\/wp-content\/uploads\/2026\/04\/2026.04.22_Foto-4-768x433.jpg 768w, https:\/\/www.pacteindustrial.org\/wp-content\/uploads\/2026\/04\/2026.04.22_Foto-4-200x113.jpg 200w\" sizes=\"(max-width: 1024px) 100vw, 1024px\" \/><\/li><li class=\"image-entry\"><img width=\"1024\" height=\"577\" src=\"https:\/\/www.pacteindustrial.org\/wp-content\/uploads\/2026\/04\/2026.04.22_Foto-5.jpg\" class=\"infographic-image\" alt=\"\" loading=\"lazy\" srcset=\"https:\/\/www.pacteindustrial.org\/wp-content\/uploads\/2026\/04\/2026.04.22_Foto-5.jpg 1024w, https:\/\/www.pacteindustrial.org\/wp-content\/uploads\/2026\/04\/2026.04.22_Foto-5-300x169.jpg 300w, https:\/\/www.pacteindustrial.org\/wp-content\/uploads\/2026\/04\/2026.04.22_Foto-5-768x433.jpg 768w, https:\/\/www.pacteindustrial.org\/wp-content\/uploads\/2026\/04\/2026.04.22_Foto-5-200x113.jpg 200w\" sizes=\"(max-width: 1024px) 100vw, 1024px\" \/><\/li><li class=\"image-entry\"><img width=\"1024\" height=\"577\" src=\"https:\/\/www.pacteindustrial.org\/wp-content\/uploads\/2026\/04\/2026.04.22_Foto-6.jpg\" class=\"infographic-image\" alt=\"\" loading=\"lazy\" srcset=\"https:\/\/www.pacteindustrial.org\/wp-content\/uploads\/2026\/04\/2026.04.22_Foto-6.jpg 1024w, https:\/\/www.pacteindustrial.org\/wp-content\/uploads\/2026\/04\/2026.04.22_Foto-6-300x169.jpg 300w, https:\/\/www.pacteindustrial.org\/wp-content\/uploads\/2026\/04\/2026.04.22_Foto-6-768x433.jpg 768w, https:\/\/www.pacteindustrial.org\/wp-content\/uploads\/2026\/04\/2026.04.22_Foto-6-200x113.jpg 200w\" sizes=\"(max-width: 1024px) 100vw, 1024px\" \/><\/li><li class=\"image-entry\"><img width=\"1024\" height=\"576\" src=\"https:\/\/www.pacteindustrial.org\/wp-content\/uploads\/2026\/04\/2026.04.22_Foto-7.jpg\" class=\"infographic-image\" alt=\"\" loading=\"lazy\" srcset=\"https:\/\/www.pacteindustrial.org\/wp-content\/uploads\/2026\/04\/2026.04.22_Foto-7.jpg 1024w, https:\/\/www.pacteindustrial.org\/wp-content\/uploads\/2026\/04\/2026.04.22_Foto-7-300x169.jpg 300w, https:\/\/www.pacteindustrial.org\/wp-content\/uploads\/2026\/04\/2026.04.22_Foto-7-768x432.jpg 768w, https:\/\/www.pacteindustrial.org\/wp-content\/uploads\/2026\/04\/2026.04.22_Foto-7-200x113.jpg 200w\" sizes=\"(max-width: 1024px) 100vw, 1024px\" \/><\/li><li class=\"image-entry\"><img width=\"1024\" height=\"578\" src=\"https:\/\/www.pacteindustrial.org\/wp-content\/uploads\/2026\/04\/2026.04.22_Foto-2.jpg\" class=\"infographic-image\" alt=\"\" loading=\"lazy\" srcset=\"https:\/\/www.pacteindustrial.org\/wp-content\/uploads\/2026\/04\/2026.04.22_Foto-2.jpg 1024w, https:\/\/www.pacteindustrial.org\/wp-content\/uploads\/2026\/04\/2026.04.22_Foto-2-300x169.jpg 300w, https:\/\/www.pacteindustrial.org\/wp-content\/uploads\/2026\/04\/2026.04.22_Foto-2-768x434.jpg 768w, https:\/\/www.pacteindustrial.org\/wp-content\/uploads\/2026\/04\/2026.04.22_Foto-2-200x113.jpg 200w\" sizes=\"(max-width: 1024px) 100vw, 1024px\" \/><\/li><li class=\"image-entry\"><img width=\"1024\" height=\"578\" src=\"https:\/\/www.pacteindustrial.org\/wp-content\/uploads\/2026\/04\/2026.04.22_Foto-1.jpg\" class=\"infographic-image\" alt=\"\" loading=\"lazy\" srcset=\"https:\/\/www.pacteindustrial.org\/wp-content\/uploads\/2026\/04\/2026.04.22_Foto-1.jpg 1024w, https:\/\/www.pacteindustrial.org\/wp-content\/uploads\/2026\/04\/2026.04.22_Foto-1-300x169.jpg 300w, https:\/\/www.pacteindustrial.org\/wp-content\/uploads\/2026\/04\/2026.04.22_Foto-1-768x434.jpg 768w, https:\/\/www.pacteindustrial.org\/wp-content\/uploads\/2026\/04\/2026.04.22_Foto-1-200x113.jpg 200w\" sizes=\"(max-width: 1024px) 100vw, 1024px\" \/><\/li><li class=\"image-entry\"><img width=\"1024\" height=\"578\" src=\"https:\/\/www.pacteindustrial.org\/wp-content\/uploads\/2026\/04\/2026.04.22_Foto-10.jpg\" class=\"infographic-image\" alt=\"\" loading=\"lazy\" srcset=\"https:\/\/www.pacteindustrial.org\/wp-content\/uploads\/2026\/04\/2026.04.22_Foto-10.jpg 1024w, https:\/\/www.pacteindustrial.org\/wp-content\/uploads\/2026\/04\/2026.04.22_Foto-10-300x169.jpg 300w, https:\/\/www.pacteindustrial.org\/wp-content\/uploads\/2026\/04\/2026.04.22_Foto-10-768x434.jpg 768w, https:\/\/www.pacteindustrial.org\/wp-content\/uploads\/2026\/04\/2026.04.22_Foto-10-200x113.jpg 200w\" sizes=\"(max-width: 1024px) 100vw, 1024px\" \/><\/li><li class=\"image-entry\"><img width=\"1024\" height=\"578\" src=\"https:\/\/www.pacteindustrial.org\/wp-content\/uploads\/2026\/04\/2026.04.22_Foto-8.jpg\" class=\"infographic-image\" alt=\"\" loading=\"lazy\" srcset=\"https:\/\/www.pacteindustrial.org\/wp-content\/uploads\/2026\/04\/2026.04.22_Foto-8.jpg 1024w, https:\/\/www.pacteindustrial.org\/wp-content\/uploads\/2026\/04\/2026.04.22_Foto-8-300x169.jpg 300w, https:\/\/www.pacteindustrial.org\/wp-content\/uploads\/2026\/04\/2026.04.22_Foto-8-768x434.jpg 768w, https:\/\/www.pacteindustrial.org\/wp-content\/uploads\/2026\/04\/2026.04.22_Foto-8-200x113.jpg 200w\" sizes=\"(max-width: 1024px) 100vw, 1024px\" \/><\/li><\/ul><\/div>\n<p>La jornada ha ofrecido una visi\u00f3n pr\u00e1ctica y actualizada de los <strong>cambios normativos<\/strong>, as\u00ed como de las <strong>oportunidades<\/strong> que se abren para las empresas y los territorios que apuestan por modelos de movilidad m\u00e1s eficientes, innovadores y sostenibles. A trav\u00e9s del intercambio de experiencias y de buenas pr\u00e1cticas, se ha fomentado la cooperaci\u00f3n entre agentes p\u00fablicos y privados para impulsar <strong>soluciones que generen valor econ\u00f3mico, social y ambiental<\/strong>.<\/p>\n\n<p>El acto se ha iniciado con la bienvenida institucional a cargo de <strong>Jordi Gazo<\/strong>, vicepresidente de AEMES Smart, y <strong>Carles Rivera<\/strong>, coordinador gerente del Pacto Industrial. Seguidamente, <strong>Susi L\u00f3pez<\/strong>, directora general de Transportes y Movilidad de la Generalitat de Catalu\u00f1a, ha ofrecido una ponencia sobre la nueva ley y el marco normativo de la movilidad.<\/p>\n\n<figure class=\"wp-block-pullquote\"><blockquote><p>\u00abEl mundo local tiene un papel fundamental: los ayuntamientos y las administraciones de proximidad son una pieza clave para aterrizar las pol\u00edticas de movilidad y convertirlas en mejoras tangibles, en colaboraci\u00f3n con las empresas\u00bb.<\/p><cite>CARLES RIVERA, COORDINADOR GERENTE DEL PACTO INDUSTRIAL<\/cite><\/blockquote><\/figure>\n<p>Jordi Gazo ha destacado que <strong>\u00aben un momento en que la transici\u00f3n energ\u00e9tica y la descarbonizaci\u00f3n del transporte son una prioridad, es imprescindible que todos los actores implicados trabajemos alineados y con una visi\u00f3n compartida. La nueva normativa nos marca el camino, pero somos nosotros \u2013desde el territorio y desde la industria\u2013 qui\u00e9n tenemos que transformarla en resultados tangibles\u00bb<\/strong>.<\/p>\n\n<p>Carles Rivera ha se\u00f1alado que <strong>\u00abtenemos el objetivo compartido que la movilidad sostenible no sea solo una exigencia normativa, sino una aut\u00e9ntica palanca de transformaci\u00f3n econ\u00f3mica, territorial y social\u00bb<\/strong>. En este sentido, ha a\u00f1adido que <strong>\u00abel mundo local tiene un papel fundamental: los ayuntamientos y las administraciones de proximidad son una pieza clave para aterrizar las pol\u00edticas de movilidad y convertirlas en mejoras tangibles, en colaboraci\u00f3n con las empresas\u00bb<\/strong>.<\/p>\n\n<p>La jornada ha incluido dos mesas redondas. La primera, centrada en soluciones para adaptar las empresas a la nueva normativa, que ha contado con representantes de <strong><a href=\"https:\/\/www.seat.es\/\" target=\"_blank\" rel=\"noopener\">SEAT<\/a> &amp; <a href=\"https:\/\/www.cupraofficial.es\/\" target=\"_blank\" rel=\"noopener\">CUPRA<\/a> (Lourdes Bueno)<\/strong>, <strong><a href=\"https:\/\/eurecat.org\/home\/es\/\" target=\"_blank\" rel=\"noopener\">EURECAT<\/a> (Laia Garriga)<\/strong>, <strong><a href=\"https:\/\/www.flooxpower.com\/\" target=\"_blank\" rel=\"noopener\">Floox<\/a> (Jordi Gazo)<\/strong>, <strong><a href=\"https:\/\/www.bbva.es\/personas.html\" target=\"_blank\" rel=\"noopener\">BBVA<\/a> (Carlos Mart\u00ednez)<\/strong> y <strong><a href=\"https:\/\/www.boehringer-ingelheim.com\/es\" target=\"_blank\" rel=\"noopener\">Boehringer Ingelheim<\/a> (M\u00f3nica S\u00e1nchez)<\/strong>, moderada por <strong>Joan Guzman (<a href=\"https:\/\/eclipsepartners.eu\/\" target=\"_blank\" rel=\"noopener\">Eclipse Partners<\/a>)<\/strong>. La segunda ha abordado los retos y estrategias de las administraciones locales para mejorar la movilidad laboral, con la participaci\u00f3n de la <strong><a href=\"https:\/\/www.diba.cat\/es\/inici\" target=\"_blank\" rel=\"noopener\">Diputaci\u00f3n de Barcelona<\/a> (Jordi Boixader)<\/strong>, la <strong><a href=\"https:\/\/www.amb.cat\/es\/web\/guest\/home\" target=\"_blank\" rel=\"noopener\">AMB<\/a> (Marc Iglesias)<\/strong>, el <strong><a href=\"https:\/\/www.granollers.cat\/\" target=\"_blank\" rel=\"noopener\">Ayuntamiento de Granollers<\/a> (Laura Llavina)<\/strong> y el <strong><a href=\"https:\/\/www.l-h.cat\/\" target=\"_blank\" rel=\"noopener\">Ayuntamiento de L&#8217;Hospitalet de Llobregat<\/a> (Marc Segura)<\/strong>, bajo la moderaci\u00f3n de <strong>Omar Minguill\u00f3n (Pacto Industrial y <a href=\"https:\/\/www.ugt.cat\/\" target=\"_blank\" rel=\"noopener\">UGT de Catalu\u00f1a<\/a>)<\/strong>.<\/p>\n\n<p>Adem\u00e1s, se ha presentado el nuevo <strong>Plan Director de Movilidad (pdM) 2026-2031<\/strong>, a cargo de <strong>Manuel Vald\u00e9s (<a href=\"https:\/\/www.atm.cat\/\" target=\"_blank\" rel=\"noopener\">ATM<\/a>)<\/strong>, y el <strong>Plan Metropolitano de Movilidad Urbana (PMMU) 2025-2030<\/strong>, de la mano de <strong>Maite P\u00e9rez (<a href=\"https:\/\/www.amb.cat\/s\/home.html\" target=\"_blank\" rel=\"noopener\">AMB<\/a>)<\/strong>, destacando las oportunidades que estos instrumentos ofrecen al tejido empresarial.<\/p>\n\n<p>La jornada ha finalizado con un resumen y l\u00edneas de acci\u00f3n a futuro por parte de <strong>Neus Olea<\/strong>, directora de <strong>AEMES Smart<\/strong>.<\/p>\n","protected":false},"excerpt":{"rendered":"<p>El Pacto Industrial de la Regi\u00f3n Metropolitana de Barcelona y\u00a0AEMES\u00a0Smart han organizado la jornada \u00abUn nuevo marco para la movilidad sostenible\u00bb. El acto, celebrado el 22 de abril en el Palau Macaya, ha contado con el apoyo de la Fundaci\u00f3n \u201cla Caixa\u201d, la ATM, la AMB, la Oficina Zero de AEBALL y el Foro Industria [&#8230;]<\/p>\n","protected":false},"author":6,"featured_media":26876,"comment_status":"open","ping_status":"open","sticky":false,"template":"","format":"standard","meta":[],"categories":[338],"tags":[462,453,356,354,292,293,288],"post_scope":[],"yoast_head":"<!-- This site is optimized with the Yoast SEO plugin v16.1.1 - https:\/\/yoast.com\/wordpress\/plugins\/seo\/ -->\n<title>El Pacto Industrial y AEMES Smart apuestan por la movilidad sostenible como palanca de desarrollo industrial y territorial - Pacte Industrial RMB<\/title>\n<link rel=\"canonical\" href=\"https:\/\/www.pacteindustrial.org\/es\/blog\/el-pacto-industrial-y-aemes-smart-apuestan-por-la-movilidad-sostenible-como-palanca-de-desarrollo-industrial-y-territorial\/\" \/>\n<meta property=\"og:locale\" content=\"es_ES\" \/>\n<meta property=\"og:type\" content=\"article\" \/>\n<meta property=\"og:title\" content=\"El Pacto Industrial y AEMES Smart apuestan por la movilidad sostenible como palanca de desarrollo industrial y territorial - Pacte Industrial RMB\" \/>\n<meta property=\"og:description\" content=\"El Pacto Industrial de la Regi\u00f3n Metropolitana de Barcelona y\u00a0AEMES\u00a0Smart han organizado la jornada \u00abUn nuevo marco para la movilidad sostenible\u00bb. El acto, celebrado el 22 de abril en el Palau Macaya, ha contado con el apoyo de la Fundaci\u00f3n \u201cla Caixa\u201d, la ATM, la AMB, la Oficina Zero de AEBALL y el Foro Industria [...]\" \/>\n<meta property=\"og:url\" content=\"https:\/\/www.pacteindustrial.org\/es\/blog\/el-pacto-industrial-y-aemes-smart-apuestan-por-la-movilidad-sostenible-como-palanca-de-desarrollo-industrial-y-territorial\/\" \/>\n<meta property=\"og:site_name\" content=\"Pacte Industrial RMB\" \/>\n<meta property=\"article:published_time\" content=\"2026-04-29T10:35:39+00:00\" \/>\n<meta property=\"article:modified_time\" content=\"2026-04-29T10:53:34+00:00\" \/>\n<meta property=\"og:image\" content=\"https:\/\/www.pacteindustrial.org\/wp-content\/uploads\/2026\/04\/2026.04.22_Foto-9.jpg\" \/>\n\t<meta property=\"og:image:width\" content=\"1024\" \/>\n\t<meta property=\"og:image:height\" content=\"578\" \/>\n<meta name=\"twitter:card\" content=\"summary_large_image\" \/>\n<meta name=\"twitter:label1\" content=\"Tiempo de lectura\">\n\t<meta name=\"twitter:data1\" content=\"4 minutos\">\n<script type=\"application\/ld+json\" class=\"yoast-schema-graph\">{\"@context\":\"https:\/\/schema.org\",\"@graph\":[{\"@type\":\"WebSite\",\"@id\":\"https:\/\/www.pacteindustrial.org\/ca\/#website\",\"url\":\"https:\/\/www.pacteindustrial.org\/ca\/\",\"name\":\"Pacte Industrial RMB\",\"description\":\"\",\"potentialAction\":[{\"@type\":\"SearchAction\",\"target\":\"https:\/\/www.pacteindustrial.org\/ca\/?s={search_term_string}\",\"query-input\":\"required name=search_term_string\"}],\"inLanguage\":\"es\"},{\"@type\":\"ImageObject\",\"@id\":\"https:\/\/www.pacteindustrial.org\/es\/blog\/el-pacto-industrial-y-aemes-smart-apuestan-por-la-movilidad-sostenible-como-palanca-de-desarrollo-industrial-y-territorial\/#primaryimage\",\"inLanguage\":\"es\",\"url\":\"https:\/\/www.pacteindustrial.org\/wp-content\/uploads\/2026\/04\/2026.04.22_Foto-9.jpg\",\"contentUrl\":\"https:\/\/www.pacteindustrial.org\/wp-content\/uploads\/2026\/04\/2026.04.22_Foto-9.jpg\",\"width\":1024,\"height\":578},{\"@type\":\"WebPage\",\"@id\":\"https:\/\/www.pacteindustrial.org\/es\/blog\/el-pacto-industrial-y-aemes-smart-apuestan-por-la-movilidad-sostenible-como-palanca-de-desarrollo-industrial-y-territorial\/#webpage\",\"url\":\"https:\/\/www.pacteindustrial.org\/es\/blog\/el-pacto-industrial-y-aemes-smart-apuestan-por-la-movilidad-sostenible-como-palanca-de-desarrollo-industrial-y-territorial\/\",\"name\":\"El Pacto Industrial y AEMES Smart apuestan por la movilidad sostenible como palanca de desarrollo industrial y territorial - Pacte Industrial RMB\",\"isPartOf\":{\"@id\":\"https:\/\/www.pacteindustrial.org\/ca\/#website\"},\"primaryImageOfPage\":{\"@id\":\"https:\/\/www.pacteindustrial.org\/es\/blog\/el-pacto-industrial-y-aemes-smart-apuestan-por-la-movilidad-sostenible-como-palanca-de-desarrollo-industrial-y-territorial\/#primaryimage\"},\"datePublished\":\"2026-04-29T10:35:39+00:00\",\"dateModified\":\"2026-04-29T10:53:34+00:00\",\"author\":{\"@id\":\"https:\/\/www.pacteindustrial.org\/ca\/#\/schema\/person\/f468d9850ca7905907ca1d9a87dd47a4\"},\"breadcrumb\":{\"@id\":\"https:\/\/www.pacteindustrial.org\/es\/blog\/el-pacto-industrial-y-aemes-smart-apuestan-por-la-movilidad-sostenible-como-palanca-de-desarrollo-industrial-y-territorial\/#breadcrumb\"},\"inLanguage\":\"es\",\"potentialAction\":[{\"@type\":\"ReadAction\",\"target\":[\"https:\/\/www.pacteindustrial.org\/es\/blog\/el-pacto-industrial-y-aemes-smart-apuestan-por-la-movilidad-sostenible-como-palanca-de-desarrollo-industrial-y-territorial\/\"]}]},{\"@type\":\"BreadcrumbList\",\"@id\":\"https:\/\/www.pacteindustrial.org\/es\/blog\/el-pacto-industrial-y-aemes-smart-apuestan-por-la-movilidad-sostenible-como-palanca-de-desarrollo-industrial-y-territorial\/#breadcrumb\",\"itemListElement\":[{\"@type\":\"ListItem\",\"position\":1,\"item\":{\"@type\":\"WebPage\",\"@id\":\"https:\/\/www.pacteindustrial.org\/es\/\",\"url\":\"https:\/\/www.pacteindustrial.org\/es\/\",\"name\":\"Home\"}},{\"@type\":\"ListItem\",\"position\":2,\"item\":{\"@type\":\"WebPage\",\"@id\":\"https:\/\/www.pacteindustrial.org\/es\/blog\/el-pacto-industrial-y-aemes-smart-apuestan-por-la-movilidad-sostenible-como-palanca-de-desarrollo-industrial-y-territorial\/\",\"url\":\"https:\/\/www.pacteindustrial.org\/es\/blog\/el-pacto-industrial-y-aemes-smart-apuestan-por-la-movilidad-sostenible-como-palanca-de-desarrollo-industrial-y-territorial\/\",\"name\":\"El Pacto Industrial y AEMES Smart apuestan por la movilidad sostenible como palanca de desarrollo industrial y territorial\"}}]},{\"@type\":\"Person\",\"@id\":\"https:\/\/www.pacteindustrial.org\/ca\/#\/schema\/person\/f468d9850ca7905907ca1d9a87dd47a4\",\"name\":\"cmartinez@pacteindustrial.org\",\"image\":{\"@type\":\"ImageObject\",\"@id\":\"https:\/\/www.pacteindustrial.org\/ca\/#personlogo\",\"inLanguage\":\"es\",\"url\":\"https:\/\/secure.gravatar.com\/avatar\/fcee0cfd9e0b9895b8dd291573c84526?s=96&d=mm&r=g\",\"contentUrl\":\"https:\/\/secure.gravatar.com\/avatar\/fcee0cfd9e0b9895b8dd291573c84526?s=96&d=mm&r=g\",\"caption\":\"cmartinez@pacteindustrial.org\"}}]}<\/script>\n<!-- \/ Yoast SEO plugin. -->","_links":{"self":[{"href":"https:\/\/www.pacteindustrial.org\/es\/wp-json\/wp\/v2\/posts\/26933"}],"collection":[{"href":"https:\/\/www.pacteindustrial.org\/es\/wp-json\/wp\/v2\/posts"}],"about":[{"href":"https:\/\/www.pacteindustrial.org\/es\/wp-json\/wp\/v2\/types\/post"}],"author":[{"embeddable":true,"href":"https:\/\/www.pacteindustrial.org\/es\/wp-json\/wp\/v2\/users\/6"}],"replies":[{"embeddable":true,"href":"https:\/\/www.pacteindustrial.org\/es\/wp-json\/wp\/v2\/comments?post=26933"}],"version-history":[{"count":2,"href":"https:\/\/www.pacteindustrial.org\/es\/wp-json\/wp\/v2\/posts\/26933\/revisions"}],"predecessor-version":[{"id":26937,"href":"https:\/\/www.pacteindustrial.org\/es\/wp-json\/wp\/v2\/posts\/26933\/revisions\/26937"}],"wp:featuredmedia":[{"embeddable":true,"href":"https:\/\/www.pacteindustrial.org\/es\/wp-json\/wp\/v2\/media\/26876"}],"wp:attachment":[{"href":"https:\/\/www.pacteindustrial.org\/es\/wp-json\/wp\/v2\/media?parent=26933"}],"wp:term":[{"taxonomy":"category","embeddable":true,"href":"https:\/\/www.pacteindustrial.org\/es\/wp-json\/wp\/v2\/categories?post=26933"},{"taxonomy":"post_tag","embeddable":true,"href":"https:\/\/www.pacteindustrial.org\/es\/wp-json\/wp\/v2\/tags?post=26933"},{"taxonomy":"post_scope","embeddable":true,"href":"https:\/\/www.pacteindustrial.org\/es\/wp-json\/wp\/v2\/post_scope?post=26933"}],"curies":[{"name":"wp","href":"https:\/\/api.w.org\/{rel}","templated":true}]}}