{"id":3258,"date":"2013-06-07T00:00:00","date_gmt":"2013-06-06T22:00:00","guid":{"rendered":"https:\/\/www.pacteindustrial.org\/el-pacto-industrial-estrena-nueva-pagina-web\/"},"modified":"2019-12-18T17:00:04","modified_gmt":"2019-12-18T15:00:04","slug":"el-pacto-industrial-estrena-nueva-pagina-web","status":"publish","type":"post","link":"https:\/\/www.pacteindustrial.org\/es\/blog\/el-pacto-industrial-estrena-nueva-pagina-web\/","title":{"rendered":"El Pacto Industrial estrena nueva p\u00e1gina web"},"content":{"rendered":"\n<p>La asociaci\u00f3n Pacto Industrial de la Regi\u00f3n Metropolitana de Barcelona ha estrenado esta nueva p\u00e1gina web en la que se pueden consultar todas nuestras novedades. Por otra parte, tambi\u00e9n disponemos de perfiles en las diversas redes sociales. Encontrar\u00e9is los enlaces en el apartado \u00abS\u00edguenos\u00bb de la columna de la derecha.<\/p>\n\n\n\n<p>Con estas nuevas herramientas queremos dar a conocer las tareas que llevamos a cabo para impulsar la competitividad de la industria, fomentar la creaci\u00f3n de ocupaci\u00f3n y merjorar la cohesi\u00f3n social y la sostenibilidad en el territorio metropolitano. A la vez queremos que se conviertan en un nuevo canal de comunicaci\u00f3n con los miembros del Pacto y un punto de encuentro de los profesionales de todos los \u00e1mbitos en los que trabaja el Pacto Industrial.<\/p>\n\n\n\n<p><strong>Portal de noticias sobre el sector industrial<\/strong><\/p>\n\n\n\n<p>La nueva &nbsp;p\u00e1gina web se ha planteado como un portal de noticias de actualidad del sector industrial que se pueden consultar tanto en la p\u00e1gina de inicio como en la secci\u00f3n \u00abNoticias\u00bb del men\u00fa. Adem\u00e1s, los men\u00fas de navegaci\u00f3n \u00ab\u00c1mbitos\u00bb y \u00abSectores industriales\u00bb os servir\u00e1n para discernir las noticias por los temas que sean de vuestro inter\u00e9s. Por su parte, los estudios que realiza el Pacto Industrial est\u00e1n disponibles en el apartado \u00abPublicaciones\u00bb desde donde se pueden descargar.<\/p>\n\n\n\n<p>En una pr\u00f3xima fase, la p\u00e1gina web del Pacto Industrial ofrecer\u00e1 servicios de informaci\u00f3n espec\u00edficos para los asociados. Esperamos que os guste y estaremos encantados de recibir vuestros comentarios y sugerencias.<\/p>\n","protected":false},"excerpt":{"rendered":"<p>La asociaci\u00f3n Pacto Industrial de la Regi\u00f3n Metropolitana de Barcelona ha estrenado esta nueva p\u00e1gina web en la que se pueden consultar todas nuestras novedades. Por otra parte, tambi\u00e9n disponemos de perfiles en las diversas redes sociales. Encontrar\u00e9is los enlaces en el apartado \u00abS\u00edguenos\u00bb de la columna de la derecha. Con estas nuevas herramientas queremos [&#8230;]<\/p>\n","protected":false},"author":3,"featured_media":3259,"comment_status":"closed","ping_status":"open","sticky":false,"template":"","format":"standard","meta":[],"categories":[6,6],"tags":[],"post_scope":[],"yoast_head":"<!-- This site is optimized with the Yoast SEO plugin v16.1.1 - https:\/\/yoast.com\/wordpress\/plugins\/seo\/ -->\n<title>El Pacto Industrial estrena nueva p\u00e1gina web - Pacte Industrial RMB<\/title>\n<link rel=\"canonical\" href=\"https:\/\/www.pacteindustrial.org\/es\/blog\/el-pacto-industrial-estrena-nueva-pagina-web\/\" \/>\n<meta property=\"og:locale\" content=\"es_ES\" \/>\n<meta property=\"og:type\" content=\"article\" \/>\n<meta property=\"og:title\" content=\"El Pacto Industrial estrena nueva p\u00e1gina web - Pacte Industrial RMB\" \/>\n<meta property=\"og:description\" content=\"La asociaci\u00f3n Pacto Industrial de la Regi\u00f3n Metropolitana de Barcelona ha estrenado esta nueva p\u00e1gina web en la que se pueden consultar todas nuestras novedades. Por otra parte, tambi\u00e9n disponemos de perfiles en las diversas redes sociales. Encontrar\u00e9is los enlaces en el apartado \u00abS\u00edguenos\u00bb de la columna de la derecha. Con estas nuevas herramientas queremos [...]\" \/>\n<meta property=\"og:url\" content=\"https:\/\/www.pacteindustrial.org\/es\/blog\/el-pacto-industrial-estrena-nueva-pagina-web\/\" \/>\n<meta property=\"og:site_name\" content=\"Pacte Industrial RMB\" \/>\n<meta property=\"article:published_time\" content=\"2013-06-06T22:00:00+00:00\" \/>\n<meta property=\"article:modified_time\" content=\"2019-12-18T15:00:04+00:00\" \/>\n<meta property=\"og:image\" content=\"https:\/\/www.pacteindustrial.org\/wp-content\/uploads\/2013\/06\/ec673696dc9199728bd8be64fe6900ef-2.jpg\" \/>\n\t<meta property=\"og:image:width\" content=\"324\" \/>\n\t<meta property=\"og:image:height\" content=\"197\" \/>\n<meta name=\"twitter:card\" content=\"summary_large_image\" \/>\n<meta name=\"twitter:label1\" content=\"Tiempo de lectura\">\n\t<meta name=\"twitter:data1\" content=\"1 minuto\">\n<script type=\"application\/ld+json\" class=\"yoast-schema-graph\">{\"@context\":\"https:\/\/schema.org\",\"@graph\":[{\"@type\":\"WebSite\",\"@id\":\"https:\/\/www.pacteindustrial.org\/ca\/#website\",\"url\":\"https:\/\/www.pacteindustrial.org\/ca\/\",\"name\":\"Pacte Industrial RMB\",\"description\":\"\",\"potentialAction\":[{\"@type\":\"SearchAction\",\"target\":\"https:\/\/www.pacteindustrial.org\/ca\/?s={search_term_string}\",\"query-input\":\"required name=search_term_string\"}],\"inLanguage\":\"es\"},{\"@type\":\"ImageObject\",\"@id\":\"https:\/\/www.pacteindustrial.org\/es\/blog\/el-pacto-industrial-estrena-nueva-pagina-web\/#primaryimage\",\"inLanguage\":\"es\",\"url\":\"https:\/\/www.pacteindustrial.org\/wp-content\/uploads\/2013\/06\/ec673696dc9199728bd8be64fe6900ef-2.jpg\",\"contentUrl\":\"https:\/\/www.pacteindustrial.org\/wp-content\/uploads\/2013\/06\/ec673696dc9199728bd8be64fe6900ef-2.jpg\",\"width\":324,\"height\":197},{\"@type\":\"WebPage\",\"@id\":\"https:\/\/www.pacteindustrial.org\/es\/blog\/el-pacto-industrial-estrena-nueva-pagina-web\/#webpage\",\"url\":\"https:\/\/www.pacteindustrial.org\/es\/blog\/el-pacto-industrial-estrena-nueva-pagina-web\/\",\"name\":\"El Pacto Industrial estrena nueva p\\u00e1gina web - Pacte Industrial RMB\",\"isPartOf\":{\"@id\":\"https:\/\/www.pacteindustrial.org\/ca\/#website\"},\"primaryImageOfPage\":{\"@id\":\"https:\/\/www.pacteindustrial.org\/es\/blog\/el-pacto-industrial-estrena-nueva-pagina-web\/#primaryimage\"},\"datePublished\":\"2013-06-06T22:00:00+00:00\",\"dateModified\":\"2019-12-18T15:00:04+00:00\",\"author\":{\"@id\":\"https:\/\/www.pacteindustrial.org\/ca\/#\/schema\/person\/f01c88f2cf2c11c69866641f45df8c6c\"},\"breadcrumb\":{\"@id\":\"https:\/\/www.pacteindustrial.org\/es\/blog\/el-pacto-industrial-estrena-nueva-pagina-web\/#breadcrumb\"},\"inLanguage\":\"es\",\"potentialAction\":[{\"@type\":\"ReadAction\",\"target\":[\"https:\/\/www.pacteindustrial.org\/es\/blog\/el-pacto-industrial-estrena-nueva-pagina-web\/\"]}]},{\"@type\":\"BreadcrumbList\",\"@id\":\"https:\/\/www.pacteindustrial.org\/es\/blog\/el-pacto-industrial-estrena-nueva-pagina-web\/#breadcrumb\",\"itemListElement\":[{\"@type\":\"ListItem\",\"position\":1,\"item\":{\"@type\":\"WebPage\",\"@id\":\"https:\/\/www.pacteindustrial.org\/es\/\",\"url\":\"https:\/\/www.pacteindustrial.org\/es\/\",\"name\":\"Home\"}},{\"@type\":\"ListItem\",\"position\":2,\"item\":{\"@type\":\"WebPage\",\"@id\":\"https:\/\/www.pacteindustrial.org\/es\/blog\/el-pacto-industrial-estrena-nueva-pagina-web\/\",\"url\":\"https:\/\/www.pacteindustrial.org\/es\/blog\/el-pacto-industrial-estrena-nueva-pagina-web\/\",\"name\":\"El Pacto Industrial estrena nueva p\\u00e1gina web\"}}]},{\"@type\":\"Person\",\"@id\":\"https:\/\/www.pacteindustrial.org\/ca\/#\/schema\/person\/f01c88f2cf2c11c69866641f45df8c6c\",\"name\":\"Eduard Nadal\",\"image\":{\"@type\":\"ImageObject\",\"@id\":\"https:\/\/www.pacteindustrial.org\/ca\/#personlogo\",\"inLanguage\":\"es\",\"url\":\"https:\/\/secure.gravatar.com\/avatar\/1894e8f734287cae5956535114253572?s=96&d=mm&r=g\",\"contentUrl\":\"https:\/\/secure.gravatar.com\/avatar\/1894e8f734287cae5956535114253572?s=96&d=mm&r=g\",\"caption\":\"Eduard Nadal\"}}]}<\/script>\n<!-- \/ Yoast SEO plugin. -->","_links":{"self":[{"href":"https:\/\/www.pacteindustrial.org\/es\/wp-json\/wp\/v2\/posts\/3258"}],"collection":[{"href":"https:\/\/www.pacteindustrial.org\/es\/wp-json\/wp\/v2\/posts"}],"about":[{"href":"https:\/\/www.pacteindustrial.org\/es\/wp-json\/wp\/v2\/types\/post"}],"author":[{"embeddable":true,"href":"https:\/\/www.pacteindustrial.org\/es\/wp-json\/wp\/v2\/users\/3"}],"replies":[{"embeddable":true,"href":"https:\/\/www.pacteindustrial.org\/es\/wp-json\/wp\/v2\/comments?post=3258"}],"version-history":[{"count":1,"href":"https:\/\/www.pacteindustrial.org\/es\/wp-json\/wp\/v2\/posts\/3258\/revisions"}],"predecessor-version":[{"id":5046,"href":"https:\/\/www.pacteindustrial.org\/es\/wp-json\/wp\/v2\/posts\/3258\/revisions\/5046"}],"wp:featuredmedia":[{"embeddable":true,"href":"https:\/\/www.pacteindustrial.org\/es\/wp-json\/wp\/v2\/media\/3259"}],"wp:attachment":[{"href":"https:\/\/www.pacteindustrial.org\/es\/wp-json\/wp\/v2\/media?parent=3258"}],"wp:term":[{"taxonomy":"category","embeddable":true,"href":"https:\/\/www.pacteindustrial.org\/es\/wp-json\/wp\/v2\/categories?post=3258"},{"taxonomy":"post_tag","embeddable":true,"href":"https:\/\/www.pacteindustrial.org\/es\/wp-json\/wp\/v2\/tags?post=3258"},{"taxonomy":"post_scope","embeddable":true,"href":"https:\/\/www.pacteindustrial.org\/es\/wp-json\/wp\/v2\/post_scope?post=3258"}],"curies":[{"name":"wp","href":"https:\/\/api.w.org\/{rel}","templated":true}]}}