{"id":3345,"date":"2014-07-16T00:00:00","date_gmt":"2014-07-15T22:00:00","guid":{"rendered":"https:\/\/www.pacteindustrial.org\/sesion-de-trabajo-sobre-la-red-de-apoyo-a-la-internacionalizacion-economica-de-la-rmb\/"},"modified":"2019-12-18T16:55:52","modified_gmt":"2019-12-18T14:55:52","slug":"sesion-de-trabajo-sobre-la-red-de-apoyo-a-la-internacionalizacion-economica-de-la-rmb","status":"publish","type":"post","link":"https:\/\/www.pacteindustrial.org\/es\/blog\/sesion-de-trabajo-sobre-la-red-de-apoyo-a-la-internacionalizacion-economica-de-la-rmb\/","title":{"rendered":"Sesi\u00f3n de trabajo sobre la red de apoyo a la internacionalizaci\u00f3n econ\u00f3mica de la RMB"},"content":{"rendered":"\n<p>La Comisi\u00f3n de Actividad Econ\u00f3mica del Pacto Industrial ha celebrado esta tarde una sesi\u00f3n de trabajo sobre el borrador del estudio \u00abLa red de apoyo a la internacionalizaci\u00f3n econ\u00f3mica de la Regi\u00f3n Metropolitana de Barcelona\u00bb con el objetivo de recoger las aportaciones de las entidades miembros de la asociaci\u00f3n de cara al redactado final.<\/p>\n\n\n\n<p>La reuni\u00f3n ha estado presidida por Toni Mora, secretario general de CCOO Baix Llobregat, Alt Pened\u00e8s, Anoia y Garraf y responsable de la Comisi\u00f3n de Actividad Econ\u00f3mica del Pacto Industrial, y ha tenido lugar en el Citilab-Cornell\u00e1.<\/p>\n\n\n\n<p>La sesi\u00f3n ha comenzado con una presentaci\u00f3n del estudio a cargo de Angel Saz-Carranza, profesor de ESADE y autor del estudio. A continuaci\u00f3n, se ha producido un debate en el que los representantes de las entidades miembros del Pacto Industrial han intercambiado sus puntos de vista.<\/p>\n\n\n\n<p>Este estudio impulsado por el Pacto Industrial tiene por objetivo identificar y caracterizar la red de actores que promueven el comercio internacional y la atracci\u00f3n de inversiones en la Regi\u00f3n Metropolitana de Barcelona.<\/p>\n","protected":false},"excerpt":{"rendered":"<p>La Comisi\u00f3n de Actividad Econ\u00f3mica del Pacto Industrial ha celebrado esta tarde una sesi\u00f3n de trabajo sobre el borrador del estudio \u00abLa red de apoyo a la internacionalizaci\u00f3n econ\u00f3mica de la Regi\u00f3n Metropolitana de Barcelona\u00bb con el objetivo de recoger las aportaciones de las entidades miembros de la asociaci\u00f3n de cara al redactado final. La [&#8230;]<\/p>\n","protected":false},"author":3,"featured_media":3346,"comment_status":"closed","ping_status":"open","sticky":false,"template":"","format":"standard","meta":[],"categories":[6,6],"tags":[299,303,303],"post_scope":[191,187],"yoast_head":"<!-- This site is optimized with the Yoast SEO plugin v16.1.1 - https:\/\/yoast.com\/wordpress\/plugins\/seo\/ -->\n<title>Sesi\u00f3n de trabajo sobre la red de apoyo a la internacionalizaci\u00f3n econ\u00f3mica de la RMB - Pacte Industrial RMB<\/title>\n<link rel=\"canonical\" href=\"https:\/\/www.pacteindustrial.org\/es\/blog\/sesion-de-trabajo-sobre-la-red-de-apoyo-a-la-internacionalizacion-economica-de-la-rmb\/\" \/>\n<meta property=\"og:locale\" content=\"es_ES\" \/>\n<meta property=\"og:type\" content=\"article\" \/>\n<meta property=\"og:title\" content=\"Sesi\u00f3n de trabajo sobre la red de apoyo a la internacionalizaci\u00f3n econ\u00f3mica de la RMB - Pacte Industrial RMB\" \/>\n<meta property=\"og:description\" content=\"La Comisi\u00f3n de Actividad Econ\u00f3mica del Pacto Industrial ha celebrado esta tarde una sesi\u00f3n de trabajo sobre el borrador del estudio \u00abLa red de apoyo a la internacionalizaci\u00f3n econ\u00f3mica de la Regi\u00f3n Metropolitana de Barcelona\u00bb con el objetivo de recoger las aportaciones de las entidades miembros de la asociaci\u00f3n de cara al redactado final. La [...]\" \/>\n<meta property=\"og:url\" content=\"https:\/\/www.pacteindustrial.org\/es\/blog\/sesion-de-trabajo-sobre-la-red-de-apoyo-a-la-internacionalizacion-economica-de-la-rmb\/\" \/>\n<meta property=\"og:site_name\" content=\"Pacte Industrial RMB\" \/>\n<meta property=\"article:published_time\" content=\"2014-07-15T22:00:00+00:00\" \/>\n<meta property=\"article:modified_time\" content=\"2019-12-18T14:55:52+00:00\" \/>\n<meta property=\"og:image\" content=\"https:\/\/www.pacteindustrial.org\/wp-content\/uploads\/2014\/07\/85922c6d673ac27cd0e795e56b8840ba-1.jpg\" \/>\n\t<meta property=\"og:image:width\" content=\"640\" \/>\n\t<meta property=\"og:image:height\" content=\"426\" \/>\n<meta name=\"twitter:card\" content=\"summary_large_image\" \/>\n<meta name=\"twitter:label1\" content=\"Tiempo de lectura\">\n\t<meta name=\"twitter:data1\" content=\"1 minuto\">\n<script type=\"application\/ld+json\" class=\"yoast-schema-graph\">{\"@context\":\"https:\/\/schema.org\",\"@graph\":[{\"@type\":\"WebSite\",\"@id\":\"https:\/\/www.pacteindustrial.org\/ca\/#website\",\"url\":\"https:\/\/www.pacteindustrial.org\/ca\/\",\"name\":\"Pacte Industrial RMB\",\"description\":\"\",\"potentialAction\":[{\"@type\":\"SearchAction\",\"target\":\"https:\/\/www.pacteindustrial.org\/ca\/?s={search_term_string}\",\"query-input\":\"required name=search_term_string\"}],\"inLanguage\":\"es\"},{\"@type\":\"ImageObject\",\"@id\":\"https:\/\/www.pacteindustrial.org\/es\/blog\/sesion-de-trabajo-sobre-la-red-de-apoyo-a-la-internacionalizacion-economica-de-la-rmb\/#primaryimage\",\"inLanguage\":\"es\",\"url\":\"https:\/\/www.pacteindustrial.org\/wp-content\/uploads\/2014\/07\/85922c6d673ac27cd0e795e56b8840ba-1.jpg\",\"contentUrl\":\"https:\/\/www.pacteindustrial.org\/wp-content\/uploads\/2014\/07\/85922c6d673ac27cd0e795e56b8840ba-1.jpg\",\"width\":640,\"height\":426,\"caption\":\"Un momento de la sesi\\u00f3n de presentaci\\u00f3n del borrador del estudio\"},{\"@type\":\"WebPage\",\"@id\":\"https:\/\/www.pacteindustrial.org\/es\/blog\/sesion-de-trabajo-sobre-la-red-de-apoyo-a-la-internacionalizacion-economica-de-la-rmb\/#webpage\",\"url\":\"https:\/\/www.pacteindustrial.org\/es\/blog\/sesion-de-trabajo-sobre-la-red-de-apoyo-a-la-internacionalizacion-economica-de-la-rmb\/\",\"name\":\"Sesi\\u00f3n de trabajo sobre la red de apoyo a la internacionalizaci\\u00f3n econ\\u00f3mica de la RMB - Pacte Industrial RMB\",\"isPartOf\":{\"@id\":\"https:\/\/www.pacteindustrial.org\/ca\/#website\"},\"primaryImageOfPage\":{\"@id\":\"https:\/\/www.pacteindustrial.org\/es\/blog\/sesion-de-trabajo-sobre-la-red-de-apoyo-a-la-internacionalizacion-economica-de-la-rmb\/#primaryimage\"},\"datePublished\":\"2014-07-15T22:00:00+00:00\",\"dateModified\":\"2019-12-18T14:55:52+00:00\",\"author\":{\"@id\":\"https:\/\/www.pacteindustrial.org\/ca\/#\/schema\/person\/f01c88f2cf2c11c69866641f45df8c6c\"},\"breadcrumb\":{\"@id\":\"https:\/\/www.pacteindustrial.org\/es\/blog\/sesion-de-trabajo-sobre-la-red-de-apoyo-a-la-internacionalizacion-economica-de-la-rmb\/#breadcrumb\"},\"inLanguage\":\"es\",\"potentialAction\":[{\"@type\":\"ReadAction\",\"target\":[\"https:\/\/www.pacteindustrial.org\/es\/blog\/sesion-de-trabajo-sobre-la-red-de-apoyo-a-la-internacionalizacion-economica-de-la-rmb\/\"]}]},{\"@type\":\"BreadcrumbList\",\"@id\":\"https:\/\/www.pacteindustrial.org\/es\/blog\/sesion-de-trabajo-sobre-la-red-de-apoyo-a-la-internacionalizacion-economica-de-la-rmb\/#breadcrumb\",\"itemListElement\":[{\"@type\":\"ListItem\",\"position\":1,\"item\":{\"@type\":\"WebPage\",\"@id\":\"https:\/\/www.pacteindustrial.org\/es\/\",\"url\":\"https:\/\/www.pacteindustrial.org\/es\/\",\"name\":\"Home\"}},{\"@type\":\"ListItem\",\"position\":2,\"item\":{\"@type\":\"WebPage\",\"@id\":\"https:\/\/www.pacteindustrial.org\/es\/blog\/sesion-de-trabajo-sobre-la-red-de-apoyo-a-la-internacionalizacion-economica-de-la-rmb\/\",\"url\":\"https:\/\/www.pacteindustrial.org\/es\/blog\/sesion-de-trabajo-sobre-la-red-de-apoyo-a-la-internacionalizacion-economica-de-la-rmb\/\",\"name\":\"Sesi\\u00f3n de trabajo sobre la red de apoyo a la internacionalizaci\\u00f3n econ\\u00f3mica de la RMB\"}}]},{\"@type\":\"Person\",\"@id\":\"https:\/\/www.pacteindustrial.org\/ca\/#\/schema\/person\/f01c88f2cf2c11c69866641f45df8c6c\",\"name\":\"Eduard Nadal\",\"image\":{\"@type\":\"ImageObject\",\"@id\":\"https:\/\/www.pacteindustrial.org\/ca\/#personlogo\",\"inLanguage\":\"es\",\"url\":\"https:\/\/secure.gravatar.com\/avatar\/1894e8f734287cae5956535114253572?s=96&d=mm&r=g\",\"contentUrl\":\"https:\/\/secure.gravatar.com\/avatar\/1894e8f734287cae5956535114253572?s=96&d=mm&r=g\",\"caption\":\"Eduard Nadal\"}}]}<\/script>\n<!-- \/ Yoast SEO plugin. -->","_links":{"self":[{"href":"https:\/\/www.pacteindustrial.org\/es\/wp-json\/wp\/v2\/posts\/3345"}],"collection":[{"href":"https:\/\/www.pacteindustrial.org\/es\/wp-json\/wp\/v2\/posts"}],"about":[{"href":"https:\/\/www.pacteindustrial.org\/es\/wp-json\/wp\/v2\/types\/post"}],"author":[{"embeddable":true,"href":"https:\/\/www.pacteindustrial.org\/es\/wp-json\/wp\/v2\/users\/3"}],"replies":[{"embeddable":true,"href":"https:\/\/www.pacteindustrial.org\/es\/wp-json\/wp\/v2\/comments?post=3345"}],"version-history":[{"count":2,"href":"https:\/\/www.pacteindustrial.org\/es\/wp-json\/wp\/v2\/posts\/3345\/revisions"}],"predecessor-version":[{"id":5001,"href":"https:\/\/www.pacteindustrial.org\/es\/wp-json\/wp\/v2\/posts\/3345\/revisions\/5001"}],"wp:featuredmedia":[{"embeddable":true,"href":"https:\/\/www.pacteindustrial.org\/es\/wp-json\/wp\/v2\/media\/3346"}],"wp:attachment":[{"href":"https:\/\/www.pacteindustrial.org\/es\/wp-json\/wp\/v2\/media?parent=3345"}],"wp:term":[{"taxonomy":"category","embeddable":true,"href":"https:\/\/www.pacteindustrial.org\/es\/wp-json\/wp\/v2\/categories?post=3345"},{"taxonomy":"post_tag","embeddable":true,"href":"https:\/\/www.pacteindustrial.org\/es\/wp-json\/wp\/v2\/tags?post=3345"},{"taxonomy":"post_scope","embeddable":true,"href":"https:\/\/www.pacteindustrial.org\/es\/wp-json\/wp\/v2\/post_scope?post=3345"}],"curies":[{"name":"wp","href":"https:\/\/api.w.org\/{rel}","templated":true}]}}