{"id":3349,"date":"2014-07-04T00:00:00","date_gmt":"2014-07-03T22:00:00","guid":{"rendered":"https:\/\/www.pacteindustrial.org\/el-presidente-de-la-generalitat-presenta-la-estrategia-de-politica-industrial-para-catalunya\/"},"modified":"2019-12-18T16:56:12","modified_gmt":"2019-12-18T14:56:12","slug":"el-presidente-de-la-generalitat-presenta-la-estrategia-de-politica-industrial-para-catalunya","status":"publish","type":"post","link":"https:\/\/www.pacteindustrial.org\/es\/blog\/el-presidente-de-la-generalitat-presenta-la-estrategia-de-politica-industrial-para-catalunya\/","title":{"rendered":"El presidente de la Generalitat presenta la estrategia de pol\u00edtica industrial para Catalunya"},"content":{"rendered":"\n<p>El presidente de la Generalitat, Artur Mas, ha presentado este mediod\u00eda la estrategia de pol\u00edtica industrial que el Govern quiere poner en marcha a partir del mes de septiembre con el objetivo de conseguir que la industria represente el 25% del PIB el a\u00f1o 2020.<\/p>\n\n\n\n<p>La Generalitat ha definido una estrategia estructurada alrededor de siete \u00e1mbitos econ\u00f3micos que tienen masa cr\u00edtica, ventajas competitivas y potencial de crecimiento para generar nueva actividad econ\u00f3mica y crear ocupaci\u00f3n. Estos son:<\/p>\n\n\n\n<ol><li>Industria agroalimentaria<\/li><li>Industrias de la qu\u00edmica, energ\u00eda y recursos<\/li><li>Sistemas industriales<\/li><li>Industria del dise\u00f1o<\/li><li>Industrias de la movilidad sostenible<\/li><li>Industrias de la salud y ciencias de la vida<\/li><li>Industrias culturales y basadas en la experiencia<\/li><\/ol>\n\n\n\n<p>La estrategia, alineada con el RIS3 que impulsa la Uni\u00f3n Europea, se ha definido despu\u00e9s de un trabajo conjunto entre la Generalitat y el tejido empresarial. A partir de septiembre, cada uno de los siete \u00e1mbitos dispondr\u00e1 de un equipo de trabajo formado por representantes del Govern y por las empresas m\u00e1s representativas que definir\u00e1n un plan de actuaciones que orientar\u00e1 los instrumentos de la pol\u00edtica industrial. Las empresas tendr\u00e1n una presencia mayoritaria con la intenci\u00f3n de que sea el sector privado el que priorice las actuaciones necesarias en cada \u00e1mbito.<\/p>\n\n\n\n<figure><iframe loading=\"lazy\" src=\"http:\/\/www.youtube.com\/embed\/az-qkrMX4Ws\" width=\"425\" height=\"350\"><\/iframe><\/figure>\n\n\n\n<p><em><strong>Enlaces<\/strong><\/em><\/p>\n\n\n\n<p><a href=\"http:\/\/premsa.gencat.cat\/pres_fsvp\/docs\/2014\/07\/10\/20\/45\/dd684223-9126-4476-b3d0-9767610dce09.pdf\" target=\"_blank\" rel=\"noreferrer noopener\">Infograf\u00eda&nbsp;<em>La Catalunya industrial: un objetivo compartido<\/em><\/a>&nbsp;(pdf, en catal\u00e1n)<\/p>\n\n\n\n<p><a href=\"http:\/\/accio.gencat.cat\/cat\/binaris\/Politica_industrial_tcm176-188793.pdf\" target=\"_blank\" rel=\"noreferrer noopener\">Documento de presentaci\u00f3n de la estrategia&nbsp;<em>La Catalunya industrial: un objetivo compartido<\/em><\/a>&nbsp;(pdf, en catal\u00e1n)<\/p>\n\n\n\n<p><a href=\"http:\/\/www.elperiodico.com\/es\/noticias\/opinion\/industria-artificio-3388604\" target=\"_blank\" rel=\"noreferrer noopener\"><em>Industria y artificio<\/em>. Art\u00edculo de Josep M. \u00c1lvarez en <em>El Peri\u00f3dico<\/em><\/a><\/p>\n","protected":false},"excerpt":{"rendered":"<p>El presidente de la Generalitat, Artur Mas, ha presentado este mediod\u00eda la estrategia de pol\u00edtica industrial que el Govern quiere poner en marcha a partir del mes de septiembre con el objetivo de conseguir que la industria represente el 25% del PIB el a\u00f1o 2020. La Generalitat ha definido una estrategia estructurada alrededor de siete [&#8230;]<\/p>\n","protected":false},"author":3,"featured_media":3350,"comment_status":"closed","ping_status":"open","sticky":false,"template":"","format":"standard","meta":[],"categories":[6,6],"tags":[322,322,292,299,303,303],"post_scope":[189,191,187],"yoast_head":"<!-- This site is optimized with the Yoast SEO plugin v16.1.1 - https:\/\/yoast.com\/wordpress\/plugins\/seo\/ -->\n<title>El presidente de la Generalitat presenta la estrategia de pol\u00edtica industrial para Catalunya - Pacte Industrial RMB<\/title>\n<link rel=\"canonical\" href=\"https:\/\/www.pacteindustrial.org\/es\/blog\/el-presidente-de-la-generalitat-presenta-la-estrategia-de-politica-industrial-para-catalunya\/\" \/>\n<meta property=\"og:locale\" content=\"es_ES\" \/>\n<meta property=\"og:type\" content=\"article\" \/>\n<meta property=\"og:title\" content=\"El presidente de la Generalitat presenta la estrategia de pol\u00edtica industrial para Catalunya - Pacte Industrial RMB\" \/>\n<meta property=\"og:description\" content=\"El presidente de la Generalitat, Artur Mas, ha presentado este mediod\u00eda la estrategia de pol\u00edtica industrial que el Govern quiere poner en marcha a partir del mes de septiembre con el objetivo de conseguir que la industria represente el 25% del PIB el a\u00f1o 2020. La Generalitat ha definido una estrategia estructurada alrededor de siete [...]\" \/>\n<meta property=\"og:url\" content=\"https:\/\/www.pacteindustrial.org\/es\/blog\/el-presidente-de-la-generalitat-presenta-la-estrategia-de-politica-industrial-para-catalunya\/\" \/>\n<meta property=\"og:site_name\" content=\"Pacte Industrial RMB\" \/>\n<meta property=\"article:published_time\" content=\"2014-07-03T22:00:00+00:00\" \/>\n<meta property=\"article:modified_time\" content=\"2019-12-18T14:56:12+00:00\" \/>\n<meta property=\"og:image\" content=\"https:\/\/www.pacteindustrial.org\/wp-content\/uploads\/2014\/07\/020b0cb4d7ca6845610eeb654a67dc7c-1.jpg\" \/>\n\t<meta property=\"og:image:width\" content=\"640\" \/>\n\t<meta property=\"og:image:height\" content=\"480\" \/>\n<meta name=\"twitter:card\" content=\"summary_large_image\" \/>\n<meta name=\"twitter:label1\" content=\"Tiempo de lectura\">\n\t<meta name=\"twitter:data1\" content=\"1 minuto\">\n<script type=\"application\/ld+json\" class=\"yoast-schema-graph\">{\"@context\":\"https:\/\/schema.org\",\"@graph\":[{\"@type\":\"WebSite\",\"@id\":\"https:\/\/www.pacteindustrial.org\/ca\/#website\",\"url\":\"https:\/\/www.pacteindustrial.org\/ca\/\",\"name\":\"Pacte Industrial RMB\",\"description\":\"\",\"potentialAction\":[{\"@type\":\"SearchAction\",\"target\":\"https:\/\/www.pacteindustrial.org\/ca\/?s={search_term_string}\",\"query-input\":\"required name=search_term_string\"}],\"inLanguage\":\"es\"},{\"@type\":\"ImageObject\",\"@id\":\"https:\/\/www.pacteindustrial.org\/es\/blog\/el-presidente-de-la-generalitat-presenta-la-estrategia-de-politica-industrial-para-catalunya\/#primaryimage\",\"inLanguage\":\"es\",\"url\":\"https:\/\/www.pacteindustrial.org\/wp-content\/uploads\/2014\/07\/020b0cb4d7ca6845610eeb654a67dc7c-1.jpg\",\"contentUrl\":\"https:\/\/www.pacteindustrial.org\/wp-content\/uploads\/2014\/07\/020b0cb4d7ca6845610eeb654a67dc7c-1.jpg\",\"width\":640,\"height\":480},{\"@type\":\"WebPage\",\"@id\":\"https:\/\/www.pacteindustrial.org\/es\/blog\/el-presidente-de-la-generalitat-presenta-la-estrategia-de-politica-industrial-para-catalunya\/#webpage\",\"url\":\"https:\/\/www.pacteindustrial.org\/es\/blog\/el-presidente-de-la-generalitat-presenta-la-estrategia-de-politica-industrial-para-catalunya\/\",\"name\":\"El presidente de la Generalitat presenta la estrategia de pol\\u00edtica industrial para Catalunya - Pacte Industrial RMB\",\"isPartOf\":{\"@id\":\"https:\/\/www.pacteindustrial.org\/ca\/#website\"},\"primaryImageOfPage\":{\"@id\":\"https:\/\/www.pacteindustrial.org\/es\/blog\/el-presidente-de-la-generalitat-presenta-la-estrategia-de-politica-industrial-para-catalunya\/#primaryimage\"},\"datePublished\":\"2014-07-03T22:00:00+00:00\",\"dateModified\":\"2019-12-18T14:56:12+00:00\",\"author\":{\"@id\":\"https:\/\/www.pacteindustrial.org\/ca\/#\/schema\/person\/f01c88f2cf2c11c69866641f45df8c6c\"},\"breadcrumb\":{\"@id\":\"https:\/\/www.pacteindustrial.org\/es\/blog\/el-presidente-de-la-generalitat-presenta-la-estrategia-de-politica-industrial-para-catalunya\/#breadcrumb\"},\"inLanguage\":\"es\",\"potentialAction\":[{\"@type\":\"ReadAction\",\"target\":[\"https:\/\/www.pacteindustrial.org\/es\/blog\/el-presidente-de-la-generalitat-presenta-la-estrategia-de-politica-industrial-para-catalunya\/\"]}]},{\"@type\":\"BreadcrumbList\",\"@id\":\"https:\/\/www.pacteindustrial.org\/es\/blog\/el-presidente-de-la-generalitat-presenta-la-estrategia-de-politica-industrial-para-catalunya\/#breadcrumb\",\"itemListElement\":[{\"@type\":\"ListItem\",\"position\":1,\"item\":{\"@type\":\"WebPage\",\"@id\":\"https:\/\/www.pacteindustrial.org\/es\/\",\"url\":\"https:\/\/www.pacteindustrial.org\/es\/\",\"name\":\"Home\"}},{\"@type\":\"ListItem\",\"position\":2,\"item\":{\"@type\":\"WebPage\",\"@id\":\"https:\/\/www.pacteindustrial.org\/es\/blog\/el-presidente-de-la-generalitat-presenta-la-estrategia-de-politica-industrial-para-catalunya\/\",\"url\":\"https:\/\/www.pacteindustrial.org\/es\/blog\/el-presidente-de-la-generalitat-presenta-la-estrategia-de-politica-industrial-para-catalunya\/\",\"name\":\"El presidente de la Generalitat presenta la estrategia de pol\\u00edtica industrial para Catalunya\"}}]},{\"@type\":\"Person\",\"@id\":\"https:\/\/www.pacteindustrial.org\/ca\/#\/schema\/person\/f01c88f2cf2c11c69866641f45df8c6c\",\"name\":\"Eduard Nadal\",\"image\":{\"@type\":\"ImageObject\",\"@id\":\"https:\/\/www.pacteindustrial.org\/ca\/#personlogo\",\"inLanguage\":\"es\",\"url\":\"https:\/\/secure.gravatar.com\/avatar\/1894e8f734287cae5956535114253572?s=96&d=mm&r=g\",\"contentUrl\":\"https:\/\/secure.gravatar.com\/avatar\/1894e8f734287cae5956535114253572?s=96&d=mm&r=g\",\"caption\":\"Eduard Nadal\"}}]}<\/script>\n<!-- \/ Yoast SEO plugin. -->","_links":{"self":[{"href":"https:\/\/www.pacteindustrial.org\/es\/wp-json\/wp\/v2\/posts\/3349"}],"collection":[{"href":"https:\/\/www.pacteindustrial.org\/es\/wp-json\/wp\/v2\/posts"}],"about":[{"href":"https:\/\/www.pacteindustrial.org\/es\/wp-json\/wp\/v2\/types\/post"}],"author":[{"embeddable":true,"href":"https:\/\/www.pacteindustrial.org\/es\/wp-json\/wp\/v2\/users\/3"}],"replies":[{"embeddable":true,"href":"https:\/\/www.pacteindustrial.org\/es\/wp-json\/wp\/v2\/comments?post=3349"}],"version-history":[{"count":2,"href":"https:\/\/www.pacteindustrial.org\/es\/wp-json\/wp\/v2\/posts\/3349\/revisions"}],"predecessor-version":[{"id":5003,"href":"https:\/\/www.pacteindustrial.org\/es\/wp-json\/wp\/v2\/posts\/3349\/revisions\/5003"}],"wp:featuredmedia":[{"embeddable":true,"href":"https:\/\/www.pacteindustrial.org\/es\/wp-json\/wp\/v2\/media\/3350"}],"wp:attachment":[{"href":"https:\/\/www.pacteindustrial.org\/es\/wp-json\/wp\/v2\/media?parent=3349"}],"wp:term":[{"taxonomy":"category","embeddable":true,"href":"https:\/\/www.pacteindustrial.org\/es\/wp-json\/wp\/v2\/categories?post=3349"},{"taxonomy":"post_tag","embeddable":true,"href":"https:\/\/www.pacteindustrial.org\/es\/wp-json\/wp\/v2\/tags?post=3349"},{"taxonomy":"post_scope","embeddable":true,"href":"https:\/\/www.pacteindustrial.org\/es\/wp-json\/wp\/v2\/post_scope?post=3349"}],"curies":[{"name":"wp","href":"https:\/\/api.w.org\/{rel}","templated":true}]}}