{"id":3373,"date":"2014-09-24T00:00:00","date_gmt":"2014-09-23T22:00:00","guid":{"rendered":"https:\/\/www.pacteindustrial.org\/el-ministerio-de-industria-presenta-un-plan-para-impulsar-el-sector-industrial\/"},"modified":"2019-12-18T16:20:15","modified_gmt":"2019-12-18T14:20:15","slug":"el-ministerio-de-industria-presenta-un-plan-para-impulsar-el-sector-industrial","status":"publish","type":"post","link":"https:\/\/www.pacteindustrial.org\/es\/blog\/el-ministerio-de-industria-presenta-un-plan-para-impulsar-el-sector-industrial\/","title":{"rendered":"El Ministerio de Industria presenta un plan para impulsar el sector industrial"},"content":{"rendered":"\n<p>Con el objetivo de mejorar la actividad industrial, la competitividad y aumentar el peso de la industria en el PIB, el Ministerio de Industria, Energ\u00eda y Turismo ha presentado la \u00abAgenda para el fortalecimiento del sector industrial en Espa\u00f1a\u00bb.<\/p>\n\n\n\n<p>En el proceso de elaboraci\u00f3n de esta propuesta han participado organizaciones y asociaciones empresariales, entidades y organismos p\u00fablicos y privados relacionados con la actividad industrial y los sindicatos UGT y CCOO.<\/p>\n\n\n\n<p>La Agenda contiene 97 medidas estructuradas alrededor de las siguientes diez l\u00edneas de actuaci\u00f3n:<\/p>\n\n\n\n<ol><li>Estimular la demanda de bienes industriales con efecto multiplicador en la econom\u00eda.<\/li><li>Mejorar la competitividad de los factores productivos clave.<\/li><li>Asegurar un suministro energ\u00e9tico estable, competitivo y sostenible dentro de la UE.<\/li><li>Reforzar la estabilidad y uniformidad del marco regulatorio espa\u00f1ol.<\/li><li>Incrementar la eficiencia y la orientaci\u00f3n al mercado y a los retos de la sociedad de la I+D+i.<\/li><li>Apoyar el crecimiento y la profesionalizaci\u00f3n de las PYME espa\u00f1olas.<\/li><li>Adaptar el modelo educativo a las necesidades de las empresas.<\/li><li>Aumentar el peso de la financiaci\u00f3n no convencional en las empresas industriales.<\/li><li>Apoyar la internacionalizaci\u00f3n de las empresas industriales y diversificaci\u00f3n de mercados.<\/li><li>Orientar la capacidad de influencia de Espa\u00f1a a la defensa de sus intereses industriales.<\/li><\/ol>\n\n\n\n<p>El sector industrial actualmente representa el 15,9% del PIB de la econom\u00eda espa\u00f1ola y genera 2,3 millones de puestos de trabajo. La industria es el sector que realiza el mayor esfuerzo en innovaci\u00f3n e I+D (48,3% en 2012) y el peso de las exportaciones industriales en el PIB es m\u00e1s del 20%.<\/p>\n\n\n\n<p><em><strong>Enlaces<\/strong><\/em><\/p>\n\n\n\n<p><a href=\"http:\/\/www.minetur.gob.es\/industria\/es-ES\/Servicios\/Documents\/Agenda para el fortalecimiento del sector industrial en Espa\u00f1a.pdf\" target=\"_blank\" rel=\"noreferrer noopener\">Agenda para el fortalecimiento del sector industrial en Espa\u00f1a<\/a>&nbsp;(pdf).<\/p>\n","protected":false},"excerpt":{"rendered":"<p>Con el objetivo de mejorar la actividad industrial, la competitividad y aumentar el peso de la industria en el PIB, el Ministerio de Industria, Energ\u00eda y Turismo ha presentado la \u00abAgenda para el fortalecimiento del sector industrial en Espa\u00f1a\u00bb. En el proceso de elaboraci\u00f3n de esta propuesta han participado organizaciones y asociaciones empresariales, entidades y [&#8230;]<\/p>\n","protected":false},"author":3,"featured_media":3374,"comment_status":"closed","ping_status":"open","sticky":false,"template":"","format":"standard","meta":[],"categories":[6,6],"tags":[292,299,303,303],"post_scope":[189,191,187],"yoast_head":"<!-- This site is optimized with the Yoast SEO plugin v16.1.1 - https:\/\/yoast.com\/wordpress\/plugins\/seo\/ -->\n<title>El Ministerio de Industria presenta un plan para impulsar el sector industrial - Pacte Industrial RMB<\/title>\n<link rel=\"canonical\" href=\"https:\/\/www.pacteindustrial.org\/es\/blog\/el-ministerio-de-industria-presenta-un-plan-para-impulsar-el-sector-industrial\/\" \/>\n<meta property=\"og:locale\" content=\"es_ES\" \/>\n<meta property=\"og:type\" content=\"article\" \/>\n<meta property=\"og:title\" content=\"El Ministerio de Industria presenta un plan para impulsar el sector industrial - Pacte Industrial RMB\" \/>\n<meta property=\"og:description\" content=\"Con el objetivo de mejorar la actividad industrial, la competitividad y aumentar el peso de la industria en el PIB, el Ministerio de Industria, Energ\u00eda y Turismo ha presentado la \u00abAgenda para el fortalecimiento del sector industrial en Espa\u00f1a\u00bb. En el proceso de elaboraci\u00f3n de esta propuesta han participado organizaciones y asociaciones empresariales, entidades y [...]\" \/>\n<meta property=\"og:url\" content=\"https:\/\/www.pacteindustrial.org\/es\/blog\/el-ministerio-de-industria-presenta-un-plan-para-impulsar-el-sector-industrial\/\" \/>\n<meta property=\"og:site_name\" content=\"Pacte Industrial RMB\" \/>\n<meta property=\"article:published_time\" content=\"2014-09-23T22:00:00+00:00\" \/>\n<meta property=\"article:modified_time\" content=\"2019-12-18T14:20:15+00:00\" \/>\n<meta property=\"og:image\" content=\"https:\/\/www.pacteindustrial.org\/wp-content\/uploads\/2014\/09\/02094ae1b3e95a2214287433aece3d1d-1.jpg\" \/>\n\t<meta property=\"og:image:width\" content=\"612\" \/>\n\t<meta property=\"og:image:height\" content=\"480\" \/>\n<meta name=\"twitter:card\" content=\"summary_large_image\" \/>\n<meta name=\"twitter:label1\" content=\"Tiempo de lectura\">\n\t<meta name=\"twitter:data1\" content=\"1 minuto\">\n<script type=\"application\/ld+json\" class=\"yoast-schema-graph\">{\"@context\":\"https:\/\/schema.org\",\"@graph\":[{\"@type\":\"WebSite\",\"@id\":\"https:\/\/www.pacteindustrial.org\/ca\/#website\",\"url\":\"https:\/\/www.pacteindustrial.org\/ca\/\",\"name\":\"Pacte Industrial RMB\",\"description\":\"\",\"potentialAction\":[{\"@type\":\"SearchAction\",\"target\":\"https:\/\/www.pacteindustrial.org\/ca\/?s={search_term_string}\",\"query-input\":\"required name=search_term_string\"}],\"inLanguage\":\"es\"},{\"@type\":\"ImageObject\",\"@id\":\"https:\/\/www.pacteindustrial.org\/es\/blog\/el-ministerio-de-industria-presenta-un-plan-para-impulsar-el-sector-industrial\/#primaryimage\",\"inLanguage\":\"es\",\"url\":\"https:\/\/www.pacteindustrial.org\/wp-content\/uploads\/2014\/09\/02094ae1b3e95a2214287433aece3d1d-1.jpg\",\"contentUrl\":\"https:\/\/www.pacteindustrial.org\/wp-content\/uploads\/2014\/09\/02094ae1b3e95a2214287433aece3d1d-1.jpg\",\"width\":612,\"height\":480},{\"@type\":\"WebPage\",\"@id\":\"https:\/\/www.pacteindustrial.org\/es\/blog\/el-ministerio-de-industria-presenta-un-plan-para-impulsar-el-sector-industrial\/#webpage\",\"url\":\"https:\/\/www.pacteindustrial.org\/es\/blog\/el-ministerio-de-industria-presenta-un-plan-para-impulsar-el-sector-industrial\/\",\"name\":\"El Ministerio de Industria presenta un plan para impulsar el sector industrial - Pacte Industrial RMB\",\"isPartOf\":{\"@id\":\"https:\/\/www.pacteindustrial.org\/ca\/#website\"},\"primaryImageOfPage\":{\"@id\":\"https:\/\/www.pacteindustrial.org\/es\/blog\/el-ministerio-de-industria-presenta-un-plan-para-impulsar-el-sector-industrial\/#primaryimage\"},\"datePublished\":\"2014-09-23T22:00:00+00:00\",\"dateModified\":\"2019-12-18T14:20:15+00:00\",\"author\":{\"@id\":\"https:\/\/www.pacteindustrial.org\/ca\/#\/schema\/person\/f01c88f2cf2c11c69866641f45df8c6c\"},\"breadcrumb\":{\"@id\":\"https:\/\/www.pacteindustrial.org\/es\/blog\/el-ministerio-de-industria-presenta-un-plan-para-impulsar-el-sector-industrial\/#breadcrumb\"},\"inLanguage\":\"es\",\"potentialAction\":[{\"@type\":\"ReadAction\",\"target\":[\"https:\/\/www.pacteindustrial.org\/es\/blog\/el-ministerio-de-industria-presenta-un-plan-para-impulsar-el-sector-industrial\/\"]}]},{\"@type\":\"BreadcrumbList\",\"@id\":\"https:\/\/www.pacteindustrial.org\/es\/blog\/el-ministerio-de-industria-presenta-un-plan-para-impulsar-el-sector-industrial\/#breadcrumb\",\"itemListElement\":[{\"@type\":\"ListItem\",\"position\":1,\"item\":{\"@type\":\"WebPage\",\"@id\":\"https:\/\/www.pacteindustrial.org\/es\/\",\"url\":\"https:\/\/www.pacteindustrial.org\/es\/\",\"name\":\"Home\"}},{\"@type\":\"ListItem\",\"position\":2,\"item\":{\"@type\":\"WebPage\",\"@id\":\"https:\/\/www.pacteindustrial.org\/es\/blog\/el-ministerio-de-industria-presenta-un-plan-para-impulsar-el-sector-industrial\/\",\"url\":\"https:\/\/www.pacteindustrial.org\/es\/blog\/el-ministerio-de-industria-presenta-un-plan-para-impulsar-el-sector-industrial\/\",\"name\":\"El Ministerio de Industria presenta un plan para impulsar el sector industrial\"}}]},{\"@type\":\"Person\",\"@id\":\"https:\/\/www.pacteindustrial.org\/ca\/#\/schema\/person\/f01c88f2cf2c11c69866641f45df8c6c\",\"name\":\"Eduard Nadal\",\"image\":{\"@type\":\"ImageObject\",\"@id\":\"https:\/\/www.pacteindustrial.org\/ca\/#personlogo\",\"inLanguage\":\"es\",\"url\":\"https:\/\/secure.gravatar.com\/avatar\/1894e8f734287cae5956535114253572?s=96&d=mm&r=g\",\"contentUrl\":\"https:\/\/secure.gravatar.com\/avatar\/1894e8f734287cae5956535114253572?s=96&d=mm&r=g\",\"caption\":\"Eduard Nadal\"}}]}<\/script>\n<!-- \/ Yoast SEO plugin. -->","_links":{"self":[{"href":"https:\/\/www.pacteindustrial.org\/es\/wp-json\/wp\/v2\/posts\/3373"}],"collection":[{"href":"https:\/\/www.pacteindustrial.org\/es\/wp-json\/wp\/v2\/posts"}],"about":[{"href":"https:\/\/www.pacteindustrial.org\/es\/wp-json\/wp\/v2\/types\/post"}],"author":[{"embeddable":true,"href":"https:\/\/www.pacteindustrial.org\/es\/wp-json\/wp\/v2\/users\/3"}],"replies":[{"embeddable":true,"href":"https:\/\/www.pacteindustrial.org\/es\/wp-json\/wp\/v2\/comments?post=3373"}],"version-history":[{"count":2,"href":"https:\/\/www.pacteindustrial.org\/es\/wp-json\/wp\/v2\/posts\/3373\/revisions"}],"predecessor-version":[{"id":4999,"href":"https:\/\/www.pacteindustrial.org\/es\/wp-json\/wp\/v2\/posts\/3373\/revisions\/4999"}],"wp:featuredmedia":[{"embeddable":true,"href":"https:\/\/www.pacteindustrial.org\/es\/wp-json\/wp\/v2\/media\/3374"}],"wp:attachment":[{"href":"https:\/\/www.pacteindustrial.org\/es\/wp-json\/wp\/v2\/media?parent=3373"}],"wp:term":[{"taxonomy":"category","embeddable":true,"href":"https:\/\/www.pacteindustrial.org\/es\/wp-json\/wp\/v2\/categories?post=3373"},{"taxonomy":"post_tag","embeddable":true,"href":"https:\/\/www.pacteindustrial.org\/es\/wp-json\/wp\/v2\/tags?post=3373"},{"taxonomy":"post_scope","embeddable":true,"href":"https:\/\/www.pacteindustrial.org\/es\/wp-json\/wp\/v2\/post_scope?post=3373"}],"curies":[{"name":"wp","href":"https:\/\/api.w.org\/{rel}","templated":true}]}}