{"id":3449,"date":"2015-04-08T00:00:00","date_gmt":"2015-04-07T22:00:00","guid":{"rendered":"https:\/\/www.pacteindustrial.org\/41-reunion-del-comite-ejecutivo-del-pacto-industrial\/"},"modified":"2019-12-18T15:12:30","modified_gmt":"2019-12-18T13:12:30","slug":"41-reunion-del-comite-ejecutivo-del-pacto-industrial","status":"publish","type":"post","link":"https:\/\/www.pacteindustrial.org\/es\/blog\/41-reunion-del-comite-ejecutivo-del-pacto-industrial\/","title":{"rendered":"41 Reuni\u00f3n del Comit\u00e9 Ejecutivo del Pacto Industrial"},"content":{"rendered":"\n<p>El Pacto Industrial de la Regi\u00f3n Metropolitana de Barcelona ha celebrado el pasado 8 de abril la 41 Reuni\u00f3n del Comit\u00e9 Ejecutivo con la asistencia de los representantes de los <a href=\"https:\/\/www.pacteindustrial.org\/index.php\/es\/members\" target=\"_blank\" rel=\"noreferrer noopener\">ayuntamientos y de las entidades<\/a>&nbsp;que integran la asociaci\u00f3n. La reuni\u00f3n, celebrada en el Barcelona Advanced Industry Park (BAIP), ha finalizado con una visita guiada a las instalaciones de este nuevo equipamiento en el que se ha podido visitar, entre otros espacios, el taller mec\u00e1nico para la realizaci\u00f3n de prototipos.<\/p>\n\n\n\n<p>La reuni\u00f3n ha comenzado con la intervenci\u00f3n de Ver\u00f3nica Kuchinow y Anna Llu\u00eds, de la empresa S\u00edmbiosy, que han explicado el estudio que est\u00e1n realizando por encargo del Pacto Industrial sobre los retos de los pol\u00edgonos industriales ante la transici\u00f3n energ\u00e9tica. El estudio, que est\u00e1 en fase de elaboraci\u00f3n, quiere analizar la adaptaci\u00f3n de los pol\u00edgonos a las nuevas formas de gesti\u00f3n de los recursos disponibles, mediante un cambio de organizaci\u00f3n y una gesti\u00f3n integrada de los mismos aplicando los conceptos de econom\u00eda circular y su herramienta de trabajo: la simbiosis industrial.<\/p>\n\n\n\n<p>El presidente del Comit\u00e9 Ejecutivo, Carles Ruiz, ha destacado el papel clave de la energ\u00eda en la competitividad industrial, de aqu\u00ed que el Pacto Industrial haya incluido este tema entre sus prioridades. Para Ruiz, el papel de las administraciones es clave de cara a gestionar los pol\u00edgonos y promover la colaboraci\u00f3n entre empresas. Por su parte, el coordinador gerente, Carles Rivera, ha anunciado algunos de los pr\u00f3ximos t\u00edtulos que formaran parte de las colecciones de publicaciones del Pacto Industrial -los Cuadernos y los Papeles- Y entre las actividades recientes organizadas por la asociaci\u00f3n, Rivera se ha referido a la <a href=\"https:\/\/www.pacteindustrial.org\/index.php\/es\/news\/details\/312#.VSruQvmsVUA\" target=\"_blank\" rel=\"noreferrer noopener\">jornada \u00abLa industria del autom\u00f3vil. El porqu\u00e9 de un \u00e9xito\u00bb<\/a> celebrada el pasado 6 de marzo en el C\u00edrculo de Econom\u00eda. Por otra parte, durante la reuni\u00f3n tambi\u00e9n se ha informado, entre otros aspectos, del cierre de las cuentas anuales de 2014, de la propuesta de presupuesto para el 2015 y de la solicitud de adhesi\u00f3n de algunos ayuntamientos de la RMB como socios ordinarios del Paco Industrial.<\/p>\n\n\n\n<p><strong>Actividades de las Comisiones de Trabajo<\/strong><\/p>\n\n\n\n<p>Durante la reuni\u00f3n, los presidentes de las Comisiones de Trabajo han informado de las respectivas actividades desarrolladas y de las actividades en curso y previstas para el 2015. As\u00ed, por ejemplo, en el \u00c1mbito de Movilidad se ha destacado la elaboraci\u00f3n del primer n\u00famero de la colecci\u00f3n Papeles del Pacto Industrial, \u00abReflexiones en el entorno de la movilidad de mercanc\u00edas en los pol\u00edgonos industriales de la Regi\u00f3n Metropolitana de Barcelona\u00bb, que ser\u00e1 presentado el pr\u00f3ximo 24 de abril. Por parte del \u00c1mbito de Formaci\u00f3n se ha citado colaboraci\u00f3n del Pacto Industrial en la Jornada Internacional en Formaci\u00f3n Profesional Industrial, organizada por la Fundaci\u00f3n BCN Formaci\u00f3n Profesional.<\/p>\n\n\n\n<p>De la actividad del \u00c1mbito de Actividad Econ\u00f3mica se ha detallado el estado en el que se encuentra la elaboraci\u00f3n del estudio \u00abLa red de apoyo a la internacionalizaci\u00f3n econ\u00f3mica de la Regi\u00f3n Metropolitana de Barcelona \u00ab, dirigido por el profesor de ESADE Angel Saz-Carranza. Finalmente, del \u00c1mbito de Innovaci\u00f3n, se ha anunciado la <a href=\"https:\/\/www.pacteindustrial.org\/index.php\/es\/calendar\/details\/320\/Presentacion-del-Cuaderno-12-La-innovacion-tecnologica-en-la-RMB-localizacion-y-tecnologia-de-las-patentes-europeas#.VSuphNysXTo\" target=\"_blank\" rel=\"noreferrer noopener\">presentaci\u00f3n el pr\u00f3ximo 7 de mayo del Cuaderno n\u00famero 12 del Pacto Industrial<\/a>, que lleva por t\u00edtulo \u00abLa innovaci\u00f3n tecnol\u00f3gica en la RMB: localizaci\u00f3n y tecnolog\u00eda de las patentes europeas\u00bb.<\/p>\n\n\n\n<p>Por otra parte, este ha sido el \u00faltimo Comit\u00e9 Ejecutivo de Jordi Roig, presidente de la Comisi\u00f3n de Innovaci\u00f3n, que cede el relevo como representante de la patronal PIMEC a Sergi Fuster, presidente de PIMEC J\u00f3venes Baix Llobregat-L&#8217;Hopsitalet. El presidente del Comit\u00e9 Ejecutivo, Carles Ruiz, le ha dedicado unas palabras de agradecimiento por toda la labor desarrollada en el Pacto Industrial, al que ha estado vinculado desde su fundaci\u00f3n en 1997.<\/p>\n","protected":false},"excerpt":{"rendered":"<p>El Pacto Industrial de la Regi\u00f3n Metropolitana de Barcelona ha celebrado el pasado 8 de abril la 41 Reuni\u00f3n del Comit\u00e9 Ejecutivo con la asistencia de los representantes de los ayuntamientos y de las entidades&nbsp;que integran la asociaci\u00f3n. La reuni\u00f3n, celebrada en el Barcelona Advanced Industry Park (BAIP), ha finalizado con una visita guiada a [&#8230;]<\/p>\n","protected":false},"author":3,"featured_media":3450,"comment_status":"closed","ping_status":"open","sticky":false,"template":"","format":"standard","meta":[],"categories":[339,6,6],"tags":[264],"post_scope":[],"yoast_head":"<!-- This site is optimized with the Yoast SEO plugin v16.1.1 - https:\/\/yoast.com\/wordpress\/plugins\/seo\/ -->\n<title>41 Reuni\u00f3n del Comit\u00e9 Ejecutivo del Pacto Industrial - Pacte Industrial RMB<\/title>\n<link rel=\"canonical\" href=\"https:\/\/www.pacteindustrial.org\/es\/blog\/41-reunion-del-comite-ejecutivo-del-pacto-industrial\/\" \/>\n<meta property=\"og:locale\" content=\"es_ES\" \/>\n<meta property=\"og:type\" content=\"article\" \/>\n<meta property=\"og:title\" content=\"41 Reuni\u00f3n del Comit\u00e9 Ejecutivo del Pacto Industrial - Pacte Industrial RMB\" \/>\n<meta property=\"og:description\" content=\"El Pacto Industrial de la Regi\u00f3n Metropolitana de Barcelona ha celebrado el pasado 8 de abril la 41 Reuni\u00f3n del Comit\u00e9 Ejecutivo con la asistencia de los representantes de los ayuntamientos y de las entidades&nbsp;que integran la asociaci\u00f3n. La reuni\u00f3n, celebrada en el Barcelona Advanced Industry Park (BAIP), ha finalizado con una visita guiada a [...]\" \/>\n<meta property=\"og:url\" content=\"https:\/\/www.pacteindustrial.org\/es\/blog\/41-reunion-del-comite-ejecutivo-del-pacto-industrial\/\" \/>\n<meta property=\"og:site_name\" content=\"Pacte Industrial RMB\" \/>\n<meta property=\"article:published_time\" content=\"2015-04-07T22:00:00+00:00\" \/>\n<meta property=\"article:modified_time\" content=\"2019-12-18T13:12:30+00:00\" \/>\n<meta property=\"og:image\" content=\"https:\/\/www.pacteindustrial.org\/wp-content\/uploads\/2015\/04\/f733e69fce012da041b52a8e8c4c4b35-1.jpg\" \/>\n\t<meta property=\"og:image:width\" content=\"1024\" \/>\n\t<meta property=\"og:image:height\" content=\"768\" \/>\n<meta name=\"twitter:card\" content=\"summary_large_image\" \/>\n<meta name=\"twitter:label1\" content=\"Tiempo de lectura\">\n\t<meta name=\"twitter:data1\" content=\"3 minutos\">\n<script type=\"application\/ld+json\" class=\"yoast-schema-graph\">{\"@context\":\"https:\/\/schema.org\",\"@graph\":[{\"@type\":\"WebSite\",\"@id\":\"https:\/\/www.pacteindustrial.org\/ca\/#website\",\"url\":\"https:\/\/www.pacteindustrial.org\/ca\/\",\"name\":\"Pacte Industrial RMB\",\"description\":\"\",\"potentialAction\":[{\"@type\":\"SearchAction\",\"target\":\"https:\/\/www.pacteindustrial.org\/ca\/?s={search_term_string}\",\"query-input\":\"required name=search_term_string\"}],\"inLanguage\":\"es\"},{\"@type\":\"ImageObject\",\"@id\":\"https:\/\/www.pacteindustrial.org\/es\/blog\/41-reunion-del-comite-ejecutivo-del-pacto-industrial\/#primaryimage\",\"inLanguage\":\"es\",\"url\":\"https:\/\/www.pacteindustrial.org\/wp-content\/uploads\/2015\/04\/f733e69fce012da041b52a8e8c4c4b35-1.jpg\",\"contentUrl\":\"https:\/\/www.pacteindustrial.org\/wp-content\/uploads\/2015\/04\/f733e69fce012da041b52a8e8c4c4b35-1.jpg\",\"width\":1024,\"height\":768,\"caption\":\"Un momento de la reuni\\u00f3n n\\u00famero 41 del Comit\\u00e9 Ejecutivo del Pacto Industrial\"},{\"@type\":\"WebPage\",\"@id\":\"https:\/\/www.pacteindustrial.org\/es\/blog\/41-reunion-del-comite-ejecutivo-del-pacto-industrial\/#webpage\",\"url\":\"https:\/\/www.pacteindustrial.org\/es\/blog\/41-reunion-del-comite-ejecutivo-del-pacto-industrial\/\",\"name\":\"41 Reuni\\u00f3n del Comit\\u00e9 Ejecutivo del Pacto Industrial - Pacte Industrial RMB\",\"isPartOf\":{\"@id\":\"https:\/\/www.pacteindustrial.org\/ca\/#website\"},\"primaryImageOfPage\":{\"@id\":\"https:\/\/www.pacteindustrial.org\/es\/blog\/41-reunion-del-comite-ejecutivo-del-pacto-industrial\/#primaryimage\"},\"datePublished\":\"2015-04-07T22:00:00+00:00\",\"dateModified\":\"2019-12-18T13:12:30+00:00\",\"author\":{\"@id\":\"https:\/\/www.pacteindustrial.org\/ca\/#\/schema\/person\/f01c88f2cf2c11c69866641f45df8c6c\"},\"breadcrumb\":{\"@id\":\"https:\/\/www.pacteindustrial.org\/es\/blog\/41-reunion-del-comite-ejecutivo-del-pacto-industrial\/#breadcrumb\"},\"inLanguage\":\"es\",\"potentialAction\":[{\"@type\":\"ReadAction\",\"target\":[\"https:\/\/www.pacteindustrial.org\/es\/blog\/41-reunion-del-comite-ejecutivo-del-pacto-industrial\/\"]}]},{\"@type\":\"BreadcrumbList\",\"@id\":\"https:\/\/www.pacteindustrial.org\/es\/blog\/41-reunion-del-comite-ejecutivo-del-pacto-industrial\/#breadcrumb\",\"itemListElement\":[{\"@type\":\"ListItem\",\"position\":1,\"item\":{\"@type\":\"WebPage\",\"@id\":\"https:\/\/www.pacteindustrial.org\/es\/\",\"url\":\"https:\/\/www.pacteindustrial.org\/es\/\",\"name\":\"Home\"}},{\"@type\":\"ListItem\",\"position\":2,\"item\":{\"@type\":\"WebPage\",\"@id\":\"https:\/\/www.pacteindustrial.org\/es\/blog\/41-reunion-del-comite-ejecutivo-del-pacto-industrial\/\",\"url\":\"https:\/\/www.pacteindustrial.org\/es\/blog\/41-reunion-del-comite-ejecutivo-del-pacto-industrial\/\",\"name\":\"41 Reuni\\u00f3n del Comit\\u00e9 Ejecutivo del Pacto Industrial\"}}]},{\"@type\":\"Person\",\"@id\":\"https:\/\/www.pacteindustrial.org\/ca\/#\/schema\/person\/f01c88f2cf2c11c69866641f45df8c6c\",\"name\":\"Eduard Nadal\",\"image\":{\"@type\":\"ImageObject\",\"@id\":\"https:\/\/www.pacteindustrial.org\/ca\/#personlogo\",\"inLanguage\":\"es\",\"url\":\"https:\/\/secure.gravatar.com\/avatar\/1894e8f734287cae5956535114253572?s=96&d=mm&r=g\",\"contentUrl\":\"https:\/\/secure.gravatar.com\/avatar\/1894e8f734287cae5956535114253572?s=96&d=mm&r=g\",\"caption\":\"Eduard Nadal\"}}]}<\/script>\n<!-- \/ Yoast SEO plugin. -->","_links":{"self":[{"href":"https:\/\/www.pacteindustrial.org\/es\/wp-json\/wp\/v2\/posts\/3449"}],"collection":[{"href":"https:\/\/www.pacteindustrial.org\/es\/wp-json\/wp\/v2\/posts"}],"about":[{"href":"https:\/\/www.pacteindustrial.org\/es\/wp-json\/wp\/v2\/types\/post"}],"author":[{"embeddable":true,"href":"https:\/\/www.pacteindustrial.org\/es\/wp-json\/wp\/v2\/users\/3"}],"replies":[{"embeddable":true,"href":"https:\/\/www.pacteindustrial.org\/es\/wp-json\/wp\/v2\/comments?post=3449"}],"version-history":[{"count":1,"href":"https:\/\/www.pacteindustrial.org\/es\/wp-json\/wp\/v2\/posts\/3449\/revisions"}],"predecessor-version":[{"id":4989,"href":"https:\/\/www.pacteindustrial.org\/es\/wp-json\/wp\/v2\/posts\/3449\/revisions\/4989"}],"wp:featuredmedia":[{"embeddable":true,"href":"https:\/\/www.pacteindustrial.org\/es\/wp-json\/wp\/v2\/media\/3450"}],"wp:attachment":[{"href":"https:\/\/www.pacteindustrial.org\/es\/wp-json\/wp\/v2\/media?parent=3449"}],"wp:term":[{"taxonomy":"category","embeddable":true,"href":"https:\/\/www.pacteindustrial.org\/es\/wp-json\/wp\/v2\/categories?post=3449"},{"taxonomy":"post_tag","embeddable":true,"href":"https:\/\/www.pacteindustrial.org\/es\/wp-json\/wp\/v2\/tags?post=3449"},{"taxonomy":"post_scope","embeddable":true,"href":"https:\/\/www.pacteindustrial.org\/es\/wp-json\/wp\/v2\/post_scope?post=3449"}],"curies":[{"name":"wp","href":"https:\/\/api.w.org\/{rel}","templated":true}]}}