{"id":3588,"date":"2015-12-14T00:00:00","date_gmt":"2015-12-13T22:00:00","guid":{"rendered":"https:\/\/www.pacteindustrial.org\/los-ayuntamientos-de-la-llagosta-la-palma-de-cervello-i-vallirana-nuevos-miembros-del-pacto-industrial\/"},"modified":"2019-12-18T14:56:48","modified_gmt":"2019-12-18T12:56:48","slug":"los-ayuntamientos-de-la-llagosta-la-palma-de-cervello-i-vallirana-nuevos-miembros-del-pacto-industrial","status":"publish","type":"post","link":"https:\/\/www.pacteindustrial.org\/es\/blog\/los-ayuntamientos-de-la-llagosta-la-palma-de-cervello-i-vallirana-nuevos-miembros-del-pacto-industrial\/","title":{"rendered":"Los Ayuntamientos de La Llagosta, La Palma de Cervell\u00f3 i Vallirana, nuevos miembros del Pacto Industrial"},"content":{"rendered":"\n<p>El&nbsp;<strong>Pacto Industrial de la Regi\u00f3n Metropolitana de Barcelona&nbsp;<\/strong>ha celebrado el pasado 11 de diciembre su <strong>XX Consejo General<\/strong>&nbsp;en&nbsp;<strong>Matar\u00f3<\/strong>&nbsp;con la participaci\u00f3n de los representantes de las entidades e instituciones que lo integran. Durante la reuni\u00f3n se ha aprobado la adhesi\u00f3n de los Ayuntamientos de<strong><a href=\"http:\/\/www.llagosta.cat\/\" target=\"_blank\" rel=\"noreferrer noopener\">&nbsp;La Llagosta<\/a>,&nbsp;<a href=\"http:\/\/www.lapalmadecervello.cat\/\" target=\"_blank\" rel=\"noreferrer noopener\">La Palma de Cervell\u00f3<\/a>,&nbsp;<a href=\"http:\/\/www.vallirana.cat\/\" target=\"_blank\" rel=\"noreferrer noopener\">V<\/a><\/strong><strong><a href=\"http:\/\/www.vallirana.cat\/\" target=\"_blank\" rel=\"noreferrer noopener\">allirana<\/a>&nbsp;<\/strong>y&nbsp;<strong><a href=\"http:\/\/www.caldesdemontbui.cat\/\" target=\"_blank\" rel=\"noreferrer noopener\">Caldes de Montbui<\/a>&nbsp;<\/strong>como socios ordinarios. En el caso de Caldes de Montbui, el consistorio ya ha comunicado al Pacto Industrial su intenci\u00f3n de adherirse a la asociaci\u00f3n y queda pendiente recibir la solicitud formal para hacerse efectiva.<\/p>\n\n\n\n<p>Con estas adhesiones, el Pacto Industrial contin\u00faa creciendo con la incorporaci\u00f3n de nuevas entidades que comparten los mismos objetivos. Actualmente la asociaci\u00f3n ya suma las voluntades de 50 ayuntamientos, la Diputaci\u00f3n de Barcelona, el \u00c1rea Metropolitana de Barcelona, la Generalitat de Catalunya, 12 organizaciones empresariales, los 2 sindicatos mayoritarios, 5 consejos comarcales, 6 universidades y diversas instituciones vinculadas al desarrollo econ\u00f3mico.<\/p>\n\n\n\n<p><strong>Actualidad del Pacto Industrial<\/strong><\/p>\n\n\n\n<p>La reuni\u00f3n del XX Consejo General ha estado presidida por&nbsp;<strong>S\u00f2nia Recasens<\/strong>, presidenta del Consejo General del Pacto Industrial y diputada delegada de Promoci\u00f3n Econ\u00f3mica y Ocupaci\u00f3n de la Diputaci\u00f3n de Barcelona. El alcalde de Matar\u00f3,&nbsp;<strong>David Bote<\/strong>, ha sido el encargado de dar la bienvenida a los asistentes. Por su parte, <strong>Carles Ruiz<\/strong>, presidente del Comit\u00e9 Ejecutivo del Pacto Industrial y alcalde de Viladecans;&nbsp;<strong>Carles Rivera<\/strong>, coordinador gerente del Pacto Industrial, y los presidentes de las Comisiones de Trabajo han presentado la <a href=\"https:\/\/www.pacteindustrial.org\/public\/docs\/news\/8616e02d9d024c1bf07159743d4c55f0.pdf\" target=\"_blank\" rel=\"noreferrer noopener\">Memoria de actividades 2014<\/a>&nbsp;y han repasado la actualidad de la asociaci\u00f3n i las actividades en curso.<\/p>\n\n\n\n<p>Entre otros puntos del orden del d\u00eda, se ha procedido a la renovaci\u00f3n de algunos cargos organizativos de la asociaci\u00f3n. Por un lado, se han nombrados vicepresidentes del Consejo General&nbsp;<strong>Marc Castells<\/strong>, vicepresidente segundo y Presidente delegado del \u00c1rea de Desarrollo Econ\u00f3mico Local de la Diputaci\u00f3n de Barcelona;&nbsp;<strong>Sergi Fuster<\/strong>, de PIMEC, y&nbsp;<strong>Mar\u00eda del Carmen Villarrazo<\/strong>, de la UGT de Catalu\u00f1a. Por otro lado, tambi\u00e9n se han nombrado nuevos miembros del Comit\u00e9 Ejecutivo. Otra de las novedades de este XX Consejo General ha sido la participaci\u00f3n de muchos nuevos representantes de las entidades miembros del Pacto Industrial que han gran parte han sido renovados despu\u00e9s de las \u00faltimas elecciones municipales.<\/p>\n\n\n\n<p><em><strong>Enllaces<\/strong><\/em><\/p>\n\n\n\n<p>Memoria de actividades 2014 (documento en catal\u00e1n)<\/p>\n\n\n\n<figure class=\"wp-block-image size-large\"><a href=\"https:\/\/www.pacteindustrial.org\/public\/docs\/news\/8616e02d9d024c1bf07159743d4c55f0.pdf\" target=\"_blank\" rel=\"noreferrer noopener\"><img loading=\"lazy\" width=\"122\" height=\"24\" src=\"https:\/\/www.pacteindustrial.org\/wp-content\/uploads\/2019\/12\/image-47.jpeg\" alt=\"\" class=\"wp-image-4948\"\/><\/a><\/figure>\n","protected":false},"excerpt":{"rendered":"<p>El&nbsp;Pacto Industrial de la Regi\u00f3n Metropolitana de Barcelona&nbsp;ha celebrado el pasado 11 de diciembre su XX Consejo General&nbsp;en&nbsp;Matar\u00f3&nbsp;con la participaci\u00f3n de los representantes de las entidades e instituciones que lo integran. Durante la reuni\u00f3n se ha aprobado la adhesi\u00f3n de los Ayuntamientos de&nbsp;La Llagosta,&nbsp;La Palma de Cervell\u00f3,&nbsp;Vallirana&nbsp;y&nbsp;Caldes de Montbui&nbsp;como socios ordinarios. En el caso de [&#8230;]<\/p>\n","protected":false},"author":3,"featured_media":3589,"comment_status":"closed","ping_status":"open","sticky":false,"template":"","format":"standard","meta":[],"categories":[339,6],"tags":[261],"post_scope":[],"yoast_head":"<!-- This site is optimized with the Yoast SEO plugin v16.1.1 - https:\/\/yoast.com\/wordpress\/plugins\/seo\/ -->\n<title>Los Ayuntamientos de La Llagosta, La Palma de Cervell\u00f3 i Vallirana, nuevos miembros del Pacto Industrial - Pacte Industrial RMB<\/title>\n<link rel=\"canonical\" href=\"https:\/\/www.pacteindustrial.org\/es\/blog\/los-ayuntamientos-de-la-llagosta-la-palma-de-cervello-i-vallirana-nuevos-miembros-del-pacto-industrial\/\" \/>\n<meta property=\"og:locale\" content=\"es_ES\" \/>\n<meta property=\"og:type\" content=\"article\" \/>\n<meta property=\"og:title\" content=\"Los Ayuntamientos de La Llagosta, La Palma de Cervell\u00f3 i Vallirana, nuevos miembros del Pacto Industrial - Pacte Industrial RMB\" \/>\n<meta property=\"og:description\" content=\"El&nbsp;Pacto Industrial de la Regi\u00f3n Metropolitana de Barcelona&nbsp;ha celebrado el pasado 11 de diciembre su XX Consejo General&nbsp;en&nbsp;Matar\u00f3&nbsp;con la participaci\u00f3n de los representantes de las entidades e instituciones que lo integran. Durante la reuni\u00f3n se ha aprobado la adhesi\u00f3n de los Ayuntamientos de&nbsp;La Llagosta,&nbsp;La Palma de Cervell\u00f3,&nbsp;Vallirana&nbsp;y&nbsp;Caldes de Montbui&nbsp;como socios ordinarios. En el caso de [...]\" \/>\n<meta property=\"og:url\" content=\"https:\/\/www.pacteindustrial.org\/es\/blog\/los-ayuntamientos-de-la-llagosta-la-palma-de-cervello-i-vallirana-nuevos-miembros-del-pacto-industrial\/\" \/>\n<meta property=\"og:site_name\" content=\"Pacte Industrial RMB\" \/>\n<meta property=\"article:published_time\" content=\"2015-12-13T22:00:00+00:00\" \/>\n<meta property=\"article:modified_time\" content=\"2019-12-18T12:56:48+00:00\" \/>\n<meta property=\"og:image\" content=\"https:\/\/www.pacteindustrial.org\/wp-content\/uploads\/2015\/12\/9067671c2f88bb4a2c89e66456e845f1-1.jpg\" \/>\n\t<meta property=\"og:image:width\" content=\"670\" \/>\n\t<meta property=\"og:image:height\" content=\"447\" \/>\n<meta name=\"twitter:card\" content=\"summary_large_image\" \/>\n<meta name=\"twitter:label1\" content=\"Tiempo de lectura\">\n\t<meta name=\"twitter:data1\" content=\"2 minutos\">\n<script type=\"application\/ld+json\" class=\"yoast-schema-graph\">{\"@context\":\"https:\/\/schema.org\",\"@graph\":[{\"@type\":\"WebSite\",\"@id\":\"https:\/\/www.pacteindustrial.org\/ca\/#website\",\"url\":\"https:\/\/www.pacteindustrial.org\/ca\/\",\"name\":\"Pacte Industrial RMB\",\"description\":\"\",\"potentialAction\":[{\"@type\":\"SearchAction\",\"target\":\"https:\/\/www.pacteindustrial.org\/ca\/?s={search_term_string}\",\"query-input\":\"required name=search_term_string\"}],\"inLanguage\":\"es\"},{\"@type\":\"ImageObject\",\"@id\":\"https:\/\/www.pacteindustrial.org\/es\/blog\/los-ayuntamientos-de-la-llagosta-la-palma-de-cervello-i-vallirana-nuevos-miembros-del-pacto-industrial\/#primaryimage\",\"inLanguage\":\"es\",\"url\":\"https:\/\/www.pacteindustrial.org\/wp-content\/uploads\/2015\/12\/9067671c2f88bb4a2c89e66456e845f1-1.jpg\",\"contentUrl\":\"https:\/\/www.pacteindustrial.org\/wp-content\/uploads\/2015\/12\/9067671c2f88bb4a2c89e66456e845f1-1.jpg\",\"width\":670,\"height\":447,\"caption\":\"De izq. a dcha.: Carles Ruiz, S\\u00f2nia Recasens, David Bote i Carles Rivera\"},{\"@type\":\"WebPage\",\"@id\":\"https:\/\/www.pacteindustrial.org\/es\/blog\/los-ayuntamientos-de-la-llagosta-la-palma-de-cervello-i-vallirana-nuevos-miembros-del-pacto-industrial\/#webpage\",\"url\":\"https:\/\/www.pacteindustrial.org\/es\/blog\/los-ayuntamientos-de-la-llagosta-la-palma-de-cervello-i-vallirana-nuevos-miembros-del-pacto-industrial\/\",\"name\":\"Los Ayuntamientos de La Llagosta, La Palma de Cervell\\u00f3 i Vallirana, nuevos miembros del Pacto Industrial - Pacte Industrial RMB\",\"isPartOf\":{\"@id\":\"https:\/\/www.pacteindustrial.org\/ca\/#website\"},\"primaryImageOfPage\":{\"@id\":\"https:\/\/www.pacteindustrial.org\/es\/blog\/los-ayuntamientos-de-la-llagosta-la-palma-de-cervello-i-vallirana-nuevos-miembros-del-pacto-industrial\/#primaryimage\"},\"datePublished\":\"2015-12-13T22:00:00+00:00\",\"dateModified\":\"2019-12-18T12:56:48+00:00\",\"author\":{\"@id\":\"https:\/\/www.pacteindustrial.org\/ca\/#\/schema\/person\/f01c88f2cf2c11c69866641f45df8c6c\"},\"breadcrumb\":{\"@id\":\"https:\/\/www.pacteindustrial.org\/es\/blog\/los-ayuntamientos-de-la-llagosta-la-palma-de-cervello-i-vallirana-nuevos-miembros-del-pacto-industrial\/#breadcrumb\"},\"inLanguage\":\"es\",\"potentialAction\":[{\"@type\":\"ReadAction\",\"target\":[\"https:\/\/www.pacteindustrial.org\/es\/blog\/los-ayuntamientos-de-la-llagosta-la-palma-de-cervello-i-vallirana-nuevos-miembros-del-pacto-industrial\/\"]}]},{\"@type\":\"BreadcrumbList\",\"@id\":\"https:\/\/www.pacteindustrial.org\/es\/blog\/los-ayuntamientos-de-la-llagosta-la-palma-de-cervello-i-vallirana-nuevos-miembros-del-pacto-industrial\/#breadcrumb\",\"itemListElement\":[{\"@type\":\"ListItem\",\"position\":1,\"item\":{\"@type\":\"WebPage\",\"@id\":\"https:\/\/www.pacteindustrial.org\/es\/\",\"url\":\"https:\/\/www.pacteindustrial.org\/es\/\",\"name\":\"Home\"}},{\"@type\":\"ListItem\",\"position\":2,\"item\":{\"@type\":\"WebPage\",\"@id\":\"https:\/\/www.pacteindustrial.org\/es\/blog\/los-ayuntamientos-de-la-llagosta-la-palma-de-cervello-i-vallirana-nuevos-miembros-del-pacto-industrial\/\",\"url\":\"https:\/\/www.pacteindustrial.org\/es\/blog\/los-ayuntamientos-de-la-llagosta-la-palma-de-cervello-i-vallirana-nuevos-miembros-del-pacto-industrial\/\",\"name\":\"Los Ayuntamientos de La Llagosta, La Palma de Cervell\\u00f3 i Vallirana, nuevos miembros del Pacto Industrial\"}}]},{\"@type\":\"Person\",\"@id\":\"https:\/\/www.pacteindustrial.org\/ca\/#\/schema\/person\/f01c88f2cf2c11c69866641f45df8c6c\",\"name\":\"Eduard Nadal\",\"image\":{\"@type\":\"ImageObject\",\"@id\":\"https:\/\/www.pacteindustrial.org\/ca\/#personlogo\",\"inLanguage\":\"es\",\"url\":\"https:\/\/secure.gravatar.com\/avatar\/1894e8f734287cae5956535114253572?s=96&d=mm&r=g\",\"contentUrl\":\"https:\/\/secure.gravatar.com\/avatar\/1894e8f734287cae5956535114253572?s=96&d=mm&r=g\",\"caption\":\"Eduard Nadal\"}}]}<\/script>\n<!-- \/ Yoast SEO plugin. -->","_links":{"self":[{"href":"https:\/\/www.pacteindustrial.org\/es\/wp-json\/wp\/v2\/posts\/3588"}],"collection":[{"href":"https:\/\/www.pacteindustrial.org\/es\/wp-json\/wp\/v2\/posts"}],"about":[{"href":"https:\/\/www.pacteindustrial.org\/es\/wp-json\/wp\/v2\/types\/post"}],"author":[{"embeddable":true,"href":"https:\/\/www.pacteindustrial.org\/es\/wp-json\/wp\/v2\/users\/3"}],"replies":[{"embeddable":true,"href":"https:\/\/www.pacteindustrial.org\/es\/wp-json\/wp\/v2\/comments?post=3588"}],"version-history":[{"count":1,"href":"https:\/\/www.pacteindustrial.org\/es\/wp-json\/wp\/v2\/posts\/3588\/revisions"}],"predecessor-version":[{"id":4951,"href":"https:\/\/www.pacteindustrial.org\/es\/wp-json\/wp\/v2\/posts\/3588\/revisions\/4951"}],"wp:featuredmedia":[{"embeddable":true,"href":"https:\/\/www.pacteindustrial.org\/es\/wp-json\/wp\/v2\/media\/3589"}],"wp:attachment":[{"href":"https:\/\/www.pacteindustrial.org\/es\/wp-json\/wp\/v2\/media?parent=3588"}],"wp:term":[{"taxonomy":"category","embeddable":true,"href":"https:\/\/www.pacteindustrial.org\/es\/wp-json\/wp\/v2\/categories?post=3588"},{"taxonomy":"post_tag","embeddable":true,"href":"https:\/\/www.pacteindustrial.org\/es\/wp-json\/wp\/v2\/tags?post=3588"},{"taxonomy":"post_scope","embeddable":true,"href":"https:\/\/www.pacteindustrial.org\/es\/wp-json\/wp\/v2\/post_scope?post=3588"}],"curies":[{"name":"wp","href":"https:\/\/api.w.org\/{rel}","templated":true}]}}