{"id":3696,"date":"2016-10-20T00:00:00","date_gmt":"2016-10-19T22:00:00","guid":{"rendered":"https:\/\/www.pacteindustrial.org\/el-pacto-industrial-participa-en-el-encuentro-switchmed-connect-2016\/"},"modified":"2019-12-18T14:54:02","modified_gmt":"2019-12-18T12:54:02","slug":"el-pacto-industrial-participa-en-el-encuentro-switchmed-connect-2016","status":"publish","type":"post","link":"https:\/\/www.pacteindustrial.org\/es\/blog\/el-pacto-industrial-participa-en-el-encuentro-switchmed-connect-2016\/","title":{"rendered":"El Pacto Industrial participa en el encuentro SwitchMed Connect 2016"},"content":{"rendered":"\n<p>El coordinador gerente del Pacto Industrial,&nbsp;<strong>Carles Rivera<\/strong>, ha participado en el&nbsp;<strong><a href=\"http:\/\/switchmedconnect.com\/en\/\" target=\"_blank\" rel=\"noreferrer noopener\">SwitchMed Connect 2016<\/a><\/strong>, la reuni\u00f3n anual de stakeholders del Mediterr\u00e1neo que tiene por objetivo construir sinergias, intercambiar conocimientos y ampliar las innovaciones eco-sociales. El encuentro se ha celebrado entre los pasados d\u00edas 18 y 20 de octubre en el recinto modernista del Hospital de Sant Pau de Barcelona.<\/p>\n\n\n\n<p><strong>Rivera<\/strong>&nbsp;ha participado en la sesi\u00f3n \u00abZonas verdes industriales en el Mediterr\u00e1neo\u00bb juntamente con&nbsp;<strong>Carolina Gonz\u00e1lez<\/strong>, Industrial Development Officer de la Organizaci\u00f3n de las Naciones Unidas para el Desarrollo Industrial (UNIDO);&nbsp;<strong>Fran\u00e7oise Bonnet<\/strong>, secretaria general de la Asociaci\u00f3n de Ciudades y Regiones para el Reciclaje y la gesti\u00f3n sostenible de los Recursos (ACR+);&nbsp;<strong>Noa Cohen Kissinger<\/strong>, coordinadora de Sostenibilidad y Reciclaje en la Unidad Regional del Este de Negev &#8211; Ministerio de Protecci\u00f3n del Medio Ambiente de Israel, y&nbsp;<strong>Maria Dolors N\u00fa\u00f1ez<\/strong>, Consultora de Internacionalizaci\u00f3n Sectorial y Coordinadora de Industrias de la Qu\u00edmica, Energ\u00eda y Recursos de la Generalitat de Catalunya.<\/p>\n\n\n\n<p>En su intervenci\u00f3n,&nbsp;<strong>Rivera<\/strong>&nbsp;ha explicado a los asistentes las iniciativas del Pacto Industrial de la Regi\u00f3n Metropolitana de Barcelona para promover la transici\u00f3n energ\u00e9tica y hacer una regi\u00f3n m\u00e1s sostenible. Concretamente, se ha referido a la reciente publicaci\u00f3n del Cuaderno 14 del Pacto Industrial \u00abGu\u00eda de iniciativas locales hacia la transici\u00f3n energ\u00e9tica en los pol\u00edgonos industriales\u00bb. Este cuaderno, presentado el pasado mes de julio en el marco de una<a href=\"https:\/\/www.pacteindustrial.org\/index.php\/es\/news\/details\/459#.WCGULNThDGg\" target=\"_blank\" rel=\"noreferrer noopener\"> jornada bajo el t\u00edtulo \u00abLa transici\u00f3n energ\u00e9tica en los pol\u00edgonos industriales: una oportunidad para el mundo local\u00bb<\/a>&nbsp;tiene por objetivo aportar a los responsables municipales y agentes econ\u00f3micos y sociales locales orientaciones y casos pr\u00e1cticos que les ayuden a desarrollar el gran potencial que tienen para impulsar el proceso de transici\u00f3n energ\u00e9tica, partiendo de acciones en sus pol\u00edgonos industriales.&nbsp;<strong>Rivera&nbsp;<\/strong>ha citado algunos de los proyectos de transici\u00f3n energ\u00e9tica que aparecen recogidos en el Cuaderno 14 &#8211;los impulsados por los ayuntamientos de Barber\u00e0 del Vall\u00e8s y Sabadell, Viladecans, Rub\u00ed, Granollers y Matar\u00f3&#8211;, y ha destacado que \u00abimpulsar la transici\u00f3n energ\u00e9tica contribuye a la competitividad y la sostenibilidad del territorio\u00bb.<\/p>\n\n\n\n<p>El encuentro SwitchMed Connect forma parte de la iniciativa SwitchMed que est\u00e1 coordinada por la Uni\u00f3n Europea (UE), la Organizaci\u00f3n de las Naciones Unidas para el Desarrollo Industrial (UNIDO), el Plan de Acci\u00f3n para el Mediterr\u00e1neo del Programa de las Naciones Unidas para el Medio Ambiente (UNEP\/MAP), su Centro de Actividades Regionales para el Consumo y la Producci\u00f3n Sostenible (SCP\/RAC) y la (UNEP-DTIE (Divisi\u00f3n de Tecnolog\u00eda, Industria y Econom\u00eda).<\/p>\n\n\n\n<p><em><strong>Enlaces<\/strong><\/em><\/p>\n\n\n\n<p>Cuaderno 14 del Pacto Industrial \u00abGu\u00eda de iniciativas locales hacia la transici\u00f3n energ\u00e9tica en los pol\u00edgonos industriales\u00bb<\/p>\n\n\n\n<figure class=\"wp-block-image size-large\"><a href=\"https:\/\/goo.gl\/76VBTh\" target=\"_blank\" rel=\"noreferrer noopener\"><img loading=\"lazy\" width=\"122\" height=\"24\" src=\"https:\/\/www.pacteindustrial.org\/wp-content\/uploads\/2019\/12\/image-40.jpeg\" alt=\"\" class=\"wp-image-4913\"\/><\/a><\/figure>\n","protected":false},"excerpt":{"rendered":"<p>El coordinador gerente del Pacto Industrial,&nbsp;Carles Rivera, ha participado en el&nbsp;SwitchMed Connect 2016, la reuni\u00f3n anual de stakeholders del Mediterr\u00e1neo que tiene por objetivo construir sinergias, intercambiar conocimientos y ampliar las innovaciones eco-sociales. El encuentro se ha celebrado entre los pasados d\u00edas 18 y 20 de octubre en el recinto modernista del Hospital de Sant [&#8230;]<\/p>\n","protected":false},"author":3,"featured_media":3697,"comment_status":"closed","ping_status":"open","sticky":false,"template":"","format":"standard","meta":[],"categories":[336,6,6],"tags":[275,273,273,313,313,289,324,311],"post_scope":[186],"yoast_head":"<!-- This site is optimized with the Yoast SEO plugin v16.1.1 - https:\/\/yoast.com\/wordpress\/plugins\/seo\/ -->\n<title>El Pacto Industrial participa en el encuentro SwitchMed Connect 2016 - Pacte Industrial RMB<\/title>\n<link rel=\"canonical\" href=\"https:\/\/www.pacteindustrial.org\/es\/blog\/el-pacto-industrial-participa-en-el-encuentro-switchmed-connect-2016\/\" \/>\n<meta property=\"og:locale\" content=\"es_ES\" \/>\n<meta property=\"og:type\" content=\"article\" \/>\n<meta property=\"og:title\" content=\"El Pacto Industrial participa en el encuentro SwitchMed Connect 2016 - Pacte Industrial RMB\" \/>\n<meta property=\"og:description\" content=\"El coordinador gerente del Pacto Industrial,&nbsp;Carles Rivera, ha participado en el&nbsp;SwitchMed Connect 2016, la reuni\u00f3n anual de stakeholders del Mediterr\u00e1neo que tiene por objetivo construir sinergias, intercambiar conocimientos y ampliar las innovaciones eco-sociales. El encuentro se ha celebrado entre los pasados d\u00edas 18 y 20 de octubre en el recinto modernista del Hospital de Sant [...]\" \/>\n<meta property=\"og:url\" content=\"https:\/\/www.pacteindustrial.org\/es\/blog\/el-pacto-industrial-participa-en-el-encuentro-switchmed-connect-2016\/\" \/>\n<meta property=\"og:site_name\" content=\"Pacte Industrial RMB\" \/>\n<meta property=\"article:published_time\" content=\"2016-10-19T22:00:00+00:00\" \/>\n<meta property=\"article:modified_time\" content=\"2019-12-18T12:54:02+00:00\" \/>\n<meta property=\"og:image\" content=\"https:\/\/www.pacteindustrial.org\/wp-content\/uploads\/2016\/10\/71cf515ee1c480173c1276b0d8e9b900.png\" \/>\n\t<meta property=\"og:image:width\" content=\"259\" \/>\n\t<meta property=\"og:image:height\" content=\"86\" \/>\n<meta name=\"twitter:card\" content=\"summary_large_image\" \/>\n<meta name=\"twitter:label1\" content=\"Tiempo de lectura\">\n\t<meta name=\"twitter:data1\" content=\"2 minutos\">\n<script type=\"application\/ld+json\" class=\"yoast-schema-graph\">{\"@context\":\"https:\/\/schema.org\",\"@graph\":[{\"@type\":\"WebSite\",\"@id\":\"https:\/\/www.pacteindustrial.org\/ca\/#website\",\"url\":\"https:\/\/www.pacteindustrial.org\/ca\/\",\"name\":\"Pacte Industrial RMB\",\"description\":\"\",\"potentialAction\":[{\"@type\":\"SearchAction\",\"target\":\"https:\/\/www.pacteindustrial.org\/ca\/?s={search_term_string}\",\"query-input\":\"required name=search_term_string\"}],\"inLanguage\":\"es\"},{\"@type\":\"ImageObject\",\"@id\":\"https:\/\/www.pacteindustrial.org\/es\/blog\/el-pacto-industrial-participa-en-el-encuentro-switchmed-connect-2016\/#primaryimage\",\"inLanguage\":\"es\",\"url\":\"https:\/\/www.pacteindustrial.org\/wp-content\/uploads\/2016\/10\/71cf515ee1c480173c1276b0d8e9b900.png\",\"contentUrl\":\"https:\/\/www.pacteindustrial.org\/wp-content\/uploads\/2016\/10\/71cf515ee1c480173c1276b0d8e9b900.png\",\"width\":259,\"height\":86},{\"@type\":\"WebPage\",\"@id\":\"https:\/\/www.pacteindustrial.org\/es\/blog\/el-pacto-industrial-participa-en-el-encuentro-switchmed-connect-2016\/#webpage\",\"url\":\"https:\/\/www.pacteindustrial.org\/es\/blog\/el-pacto-industrial-participa-en-el-encuentro-switchmed-connect-2016\/\",\"name\":\"El Pacto Industrial participa en el encuentro SwitchMed Connect 2016 - Pacte Industrial RMB\",\"isPartOf\":{\"@id\":\"https:\/\/www.pacteindustrial.org\/ca\/#website\"},\"primaryImageOfPage\":{\"@id\":\"https:\/\/www.pacteindustrial.org\/es\/blog\/el-pacto-industrial-participa-en-el-encuentro-switchmed-connect-2016\/#primaryimage\"},\"datePublished\":\"2016-10-19T22:00:00+00:00\",\"dateModified\":\"2019-12-18T12:54:02+00:00\",\"author\":{\"@id\":\"https:\/\/www.pacteindustrial.org\/ca\/#\/schema\/person\/f01c88f2cf2c11c69866641f45df8c6c\"},\"breadcrumb\":{\"@id\":\"https:\/\/www.pacteindustrial.org\/es\/blog\/el-pacto-industrial-participa-en-el-encuentro-switchmed-connect-2016\/#breadcrumb\"},\"inLanguage\":\"es\",\"potentialAction\":[{\"@type\":\"ReadAction\",\"target\":[\"https:\/\/www.pacteindustrial.org\/es\/blog\/el-pacto-industrial-participa-en-el-encuentro-switchmed-connect-2016\/\"]}]},{\"@type\":\"BreadcrumbList\",\"@id\":\"https:\/\/www.pacteindustrial.org\/es\/blog\/el-pacto-industrial-participa-en-el-encuentro-switchmed-connect-2016\/#breadcrumb\",\"itemListElement\":[{\"@type\":\"ListItem\",\"position\":1,\"item\":{\"@type\":\"WebPage\",\"@id\":\"https:\/\/www.pacteindustrial.org\/es\/\",\"url\":\"https:\/\/www.pacteindustrial.org\/es\/\",\"name\":\"Home\"}},{\"@type\":\"ListItem\",\"position\":2,\"item\":{\"@type\":\"WebPage\",\"@id\":\"https:\/\/www.pacteindustrial.org\/es\/blog\/el-pacto-industrial-participa-en-el-encuentro-switchmed-connect-2016\/\",\"url\":\"https:\/\/www.pacteindustrial.org\/es\/blog\/el-pacto-industrial-participa-en-el-encuentro-switchmed-connect-2016\/\",\"name\":\"El Pacto Industrial participa en el encuentro SwitchMed Connect 2016\"}}]},{\"@type\":\"Person\",\"@id\":\"https:\/\/www.pacteindustrial.org\/ca\/#\/schema\/person\/f01c88f2cf2c11c69866641f45df8c6c\",\"name\":\"Eduard Nadal\",\"image\":{\"@type\":\"ImageObject\",\"@id\":\"https:\/\/www.pacteindustrial.org\/ca\/#personlogo\",\"inLanguage\":\"es\",\"url\":\"https:\/\/secure.gravatar.com\/avatar\/1894e8f734287cae5956535114253572?s=96&d=mm&r=g\",\"contentUrl\":\"https:\/\/secure.gravatar.com\/avatar\/1894e8f734287cae5956535114253572?s=96&d=mm&r=g\",\"caption\":\"Eduard Nadal\"}}]}<\/script>\n<!-- \/ Yoast SEO plugin. -->","_links":{"self":[{"href":"https:\/\/www.pacteindustrial.org\/es\/wp-json\/wp\/v2\/posts\/3696"}],"collection":[{"href":"https:\/\/www.pacteindustrial.org\/es\/wp-json\/wp\/v2\/posts"}],"about":[{"href":"https:\/\/www.pacteindustrial.org\/es\/wp-json\/wp\/v2\/types\/post"}],"author":[{"embeddable":true,"href":"https:\/\/www.pacteindustrial.org\/es\/wp-json\/wp\/v2\/users\/3"}],"replies":[{"embeddable":true,"href":"https:\/\/www.pacteindustrial.org\/es\/wp-json\/wp\/v2\/comments?post=3696"}],"version-history":[{"count":2,"href":"https:\/\/www.pacteindustrial.org\/es\/wp-json\/wp\/v2\/posts\/3696\/revisions"}],"predecessor-version":[{"id":4917,"href":"https:\/\/www.pacteindustrial.org\/es\/wp-json\/wp\/v2\/posts\/3696\/revisions\/4917"}],"wp:featuredmedia":[{"embeddable":true,"href":"https:\/\/www.pacteindustrial.org\/es\/wp-json\/wp\/v2\/media\/3697"}],"wp:attachment":[{"href":"https:\/\/www.pacteindustrial.org\/es\/wp-json\/wp\/v2\/media?parent=3696"}],"wp:term":[{"taxonomy":"category","embeddable":true,"href":"https:\/\/www.pacteindustrial.org\/es\/wp-json\/wp\/v2\/categories?post=3696"},{"taxonomy":"post_tag","embeddable":true,"href":"https:\/\/www.pacteindustrial.org\/es\/wp-json\/wp\/v2\/tags?post=3696"},{"taxonomy":"post_scope","embeddable":true,"href":"https:\/\/www.pacteindustrial.org\/es\/wp-json\/wp\/v2\/post_scope?post=3696"}],"curies":[{"name":"wp","href":"https:\/\/api.w.org\/{rel}","templated":true}]}}