{"id":3700,"date":"2016-10-28T00:00:00","date_gmt":"2016-10-27T22:00:00","guid":{"rendered":"https:\/\/www.pacteindustrial.org\/el-pacto-industrial-preside-el-grupo-de-trabajo-de-industria-de-la-mesa-de-reactivacion-economica-y-reindustrializacion-de-la-amb\/"},"modified":"2019-12-18T14:53:48","modified_gmt":"2019-12-18T12:53:48","slug":"el-pacto-industrial-preside-el-grupo-de-trabajo-de-industria-de-la-mesa-de-reactivacion-economica-y-reindustrializacion-de-la-amb","status":"publish","type":"post","link":"https:\/\/www.pacteindustrial.org\/es\/blog\/el-pacto-industrial-preside-el-grupo-de-trabajo-de-industria-de-la-mesa-de-reactivacion-economica-y-reindustrializacion-de-la-amb\/","title":{"rendered":"El Pacto Industrial preside el grupo de trabajo de industria de la Mesa de Reactivaci\u00f3n Econ\u00f3mica y Reindustrializaci\u00f3n de la AMB"},"content":{"rendered":"\n<p>El&nbsp;<strong>Pacto Industrial de la Regi\u00f3n Metropolitana de Barcelona<\/strong>&nbsp;es el encargado de presidir el&nbsp;<strong>grupo de trabajo \u00abSituaci\u00f3n y perspectiva de la industria. Econom\u00eda circular\u00bb<\/strong>&nbsp;creado en el s\u00ed de la&nbsp;<strong>Mesa de Reactivaci\u00f3n Econ\u00f3mica y Reindustrializaci\u00f3n<\/strong>&nbsp;que impulsa el <strong>\u00c1rea Metropolitana de Barcelona (AMB)<\/strong>. El objetivo de esta mesa es promover el&nbsp;<strong>debate<\/strong>&nbsp;sobre las necesidades m\u00e1s importantes que es necesario abordar para hacer un territorio metropolitano m\u00e1s productivo, cohesionado socialmente, inclusivo, competitivo y m\u00e1s protegido en relaci\u00f3n con las situaciones de crisis.<\/p>\n\n\n\n<p>La primera reuni\u00f3n del grupo de trabajo de industria se ha celebrado el pasado 28 de octubre y ha estado presidida por parte del Pacto Industrial por su coordinador gerente,&nbsp;<strong>Carles Rivera<\/strong>. En la reuni\u00f3n han participado diversos ayuntamientos del \u00e1rea metropolitana de Barcelona, la Diputaci\u00f3n de Barcelona, la Generalitat de Catalunya, los agentes sociales y econ\u00f3micos del territorio, y otras instituciones, adem\u00e1s de la propia AMB.<\/p>\n\n\n\n<p>Cada grupo de trabajo contar\u00e1 con un seguido de expertos que participar\u00e1n en cada una de las sesiones y ayudar\u00e1n a analizar cu\u00e1l es la situaci\u00f3n actual de la industria y a proponer estrategias y acciones de cara al futuro. En este primer encuentro han sido <strong>Antoni Garrido<\/strong>, catedr\u00e1tico de Econom\u00eda Aplicada de la Universidad de Barcelona, y&nbsp;<strong>Vittorio Galletto<\/strong>, jefe del \u00c1rea de Econom\u00eda del Instituto de Estudios Regionales y Metropolitanos de Barcelona (IERMB). El objetivo final del conjunto de reuniones que se celebrar\u00e1n es la elaboraci\u00f3n de un&nbsp;<strong>documento de trabajo<\/strong>&nbsp;que contenga recomendaciones de pol\u00edticas incorporadas e implementadas en las l\u00edneas de actuaci\u00f3n de la AMB.<\/p>\n","protected":false},"excerpt":{"rendered":"<p>El&nbsp;Pacto Industrial de la Regi\u00f3n Metropolitana de Barcelona&nbsp;es el encargado de presidir el&nbsp;grupo de trabajo \u00abSituaci\u00f3n y perspectiva de la industria. Econom\u00eda circular\u00bb&nbsp;creado en el s\u00ed de la&nbsp;Mesa de Reactivaci\u00f3n Econ\u00f3mica y Reindustrializaci\u00f3n&nbsp;que impulsa el \u00c1rea Metropolitana de Barcelona (AMB). El objetivo de esta mesa es promover el&nbsp;debate&nbsp;sobre las necesidades m\u00e1s importantes que es necesario [&#8230;]<\/p>\n","protected":false},"author":3,"featured_media":3701,"comment_status":"closed","ping_status":"open","sticky":false,"template":"","format":"standard","meta":[],"categories":[6,6],"tags":[273,273,323,303,303],"post_scope":[187],"yoast_head":"<!-- This site is optimized with the Yoast SEO plugin v16.1.1 - https:\/\/yoast.com\/wordpress\/plugins\/seo\/ -->\n<title>El Pacto Industrial preside el grupo de trabajo de industria de la Mesa de Reactivaci\u00f3n Econ\u00f3mica y Reindustrializaci\u00f3n de la AMB - Pacte Industrial RMB<\/title>\n<link rel=\"canonical\" href=\"https:\/\/www.pacteindustrial.org\/es\/blog\/el-pacto-industrial-preside-el-grupo-de-trabajo-de-industria-de-la-mesa-de-reactivacion-economica-y-reindustrializacion-de-la-amb\/\" \/>\n<meta property=\"og:locale\" content=\"es_ES\" \/>\n<meta property=\"og:type\" content=\"article\" \/>\n<meta property=\"og:title\" content=\"El Pacto Industrial preside el grupo de trabajo de industria de la Mesa de Reactivaci\u00f3n Econ\u00f3mica y Reindustrializaci\u00f3n de la AMB - Pacte Industrial RMB\" \/>\n<meta property=\"og:description\" content=\"El&nbsp;Pacto Industrial de la Regi\u00f3n Metropolitana de Barcelona&nbsp;es el encargado de presidir el&nbsp;grupo de trabajo \u00abSituaci\u00f3n y perspectiva de la industria. Econom\u00eda circular\u00bb&nbsp;creado en el s\u00ed de la&nbsp;Mesa de Reactivaci\u00f3n Econ\u00f3mica y Reindustrializaci\u00f3n&nbsp;que impulsa el \u00c1rea Metropolitana de Barcelona (AMB). El objetivo de esta mesa es promover el&nbsp;debate&nbsp;sobre las necesidades m\u00e1s importantes que es necesario [...]\" \/>\n<meta property=\"og:url\" content=\"https:\/\/www.pacteindustrial.org\/es\/blog\/el-pacto-industrial-preside-el-grupo-de-trabajo-de-industria-de-la-mesa-de-reactivacion-economica-y-reindustrializacion-de-la-amb\/\" \/>\n<meta property=\"og:site_name\" content=\"Pacte Industrial RMB\" \/>\n<meta property=\"article:published_time\" content=\"2016-10-27T22:00:00+00:00\" \/>\n<meta property=\"article:modified_time\" content=\"2019-12-18T12:53:48+00:00\" \/>\n<meta property=\"og:image\" content=\"https:\/\/www.pacteindustrial.org\/wp-content\/uploads\/2016\/10\/7e913ee010f718744e20866d44124cc2.jpg\" \/>\n\t<meta property=\"og:image:width\" content=\"1024\" \/>\n\t<meta property=\"og:image:height\" content=\"768\" \/>\n<meta name=\"twitter:card\" content=\"summary_large_image\" \/>\n<meta name=\"twitter:label1\" content=\"Tiempo de lectura\">\n\t<meta name=\"twitter:data1\" content=\"1 minuto\">\n<script type=\"application\/ld+json\" class=\"yoast-schema-graph\">{\"@context\":\"https:\/\/schema.org\",\"@graph\":[{\"@type\":\"WebSite\",\"@id\":\"https:\/\/www.pacteindustrial.org\/ca\/#website\",\"url\":\"https:\/\/www.pacteindustrial.org\/ca\/\",\"name\":\"Pacte Industrial RMB\",\"description\":\"\",\"potentialAction\":[{\"@type\":\"SearchAction\",\"target\":\"https:\/\/www.pacteindustrial.org\/ca\/?s={search_term_string}\",\"query-input\":\"required name=search_term_string\"}],\"inLanguage\":\"es\"},{\"@type\":\"ImageObject\",\"@id\":\"https:\/\/www.pacteindustrial.org\/es\/blog\/el-pacto-industrial-preside-el-grupo-de-trabajo-de-industria-de-la-mesa-de-reactivacion-economica-y-reindustrializacion-de-la-amb\/#primaryimage\",\"inLanguage\":\"es\",\"url\":\"https:\/\/www.pacteindustrial.org\/wp-content\/uploads\/2016\/10\/7e913ee010f718744e20866d44124cc2.jpg\",\"contentUrl\":\"https:\/\/www.pacteindustrial.org\/wp-content\/uploads\/2016\/10\/7e913ee010f718744e20866d44124cc2.jpg\",\"width\":1024,\"height\":768,\"caption\":\"Un momento de la reuni\\u00f3n de trabajo del grupo de industria\"},{\"@type\":\"WebPage\",\"@id\":\"https:\/\/www.pacteindustrial.org\/es\/blog\/el-pacto-industrial-preside-el-grupo-de-trabajo-de-industria-de-la-mesa-de-reactivacion-economica-y-reindustrializacion-de-la-amb\/#webpage\",\"url\":\"https:\/\/www.pacteindustrial.org\/es\/blog\/el-pacto-industrial-preside-el-grupo-de-trabajo-de-industria-de-la-mesa-de-reactivacion-economica-y-reindustrializacion-de-la-amb\/\",\"name\":\"El Pacto Industrial preside el grupo de trabajo de industria de la Mesa de Reactivaci\\u00f3n Econ\\u00f3mica y Reindustrializaci\\u00f3n de la AMB - Pacte Industrial RMB\",\"isPartOf\":{\"@id\":\"https:\/\/www.pacteindustrial.org\/ca\/#website\"},\"primaryImageOfPage\":{\"@id\":\"https:\/\/www.pacteindustrial.org\/es\/blog\/el-pacto-industrial-preside-el-grupo-de-trabajo-de-industria-de-la-mesa-de-reactivacion-economica-y-reindustrializacion-de-la-amb\/#primaryimage\"},\"datePublished\":\"2016-10-27T22:00:00+00:00\",\"dateModified\":\"2019-12-18T12:53:48+00:00\",\"author\":{\"@id\":\"https:\/\/www.pacteindustrial.org\/ca\/#\/schema\/person\/f01c88f2cf2c11c69866641f45df8c6c\"},\"breadcrumb\":{\"@id\":\"https:\/\/www.pacteindustrial.org\/es\/blog\/el-pacto-industrial-preside-el-grupo-de-trabajo-de-industria-de-la-mesa-de-reactivacion-economica-y-reindustrializacion-de-la-amb\/#breadcrumb\"},\"inLanguage\":\"es\",\"potentialAction\":[{\"@type\":\"ReadAction\",\"target\":[\"https:\/\/www.pacteindustrial.org\/es\/blog\/el-pacto-industrial-preside-el-grupo-de-trabajo-de-industria-de-la-mesa-de-reactivacion-economica-y-reindustrializacion-de-la-amb\/\"]}]},{\"@type\":\"BreadcrumbList\",\"@id\":\"https:\/\/www.pacteindustrial.org\/es\/blog\/el-pacto-industrial-preside-el-grupo-de-trabajo-de-industria-de-la-mesa-de-reactivacion-economica-y-reindustrializacion-de-la-amb\/#breadcrumb\",\"itemListElement\":[{\"@type\":\"ListItem\",\"position\":1,\"item\":{\"@type\":\"WebPage\",\"@id\":\"https:\/\/www.pacteindustrial.org\/es\/\",\"url\":\"https:\/\/www.pacteindustrial.org\/es\/\",\"name\":\"Home\"}},{\"@type\":\"ListItem\",\"position\":2,\"item\":{\"@type\":\"WebPage\",\"@id\":\"https:\/\/www.pacteindustrial.org\/es\/blog\/el-pacto-industrial-preside-el-grupo-de-trabajo-de-industria-de-la-mesa-de-reactivacion-economica-y-reindustrializacion-de-la-amb\/\",\"url\":\"https:\/\/www.pacteindustrial.org\/es\/blog\/el-pacto-industrial-preside-el-grupo-de-trabajo-de-industria-de-la-mesa-de-reactivacion-economica-y-reindustrializacion-de-la-amb\/\",\"name\":\"El Pacto Industrial preside el grupo de trabajo de industria de la Mesa de Reactivaci\\u00f3n Econ\\u00f3mica y Reindustrializaci\\u00f3n de la AMB\"}}]},{\"@type\":\"Person\",\"@id\":\"https:\/\/www.pacteindustrial.org\/ca\/#\/schema\/person\/f01c88f2cf2c11c69866641f45df8c6c\",\"name\":\"Eduard Nadal\",\"image\":{\"@type\":\"ImageObject\",\"@id\":\"https:\/\/www.pacteindustrial.org\/ca\/#personlogo\",\"inLanguage\":\"es\",\"url\":\"https:\/\/secure.gravatar.com\/avatar\/1894e8f734287cae5956535114253572?s=96&d=mm&r=g\",\"contentUrl\":\"https:\/\/secure.gravatar.com\/avatar\/1894e8f734287cae5956535114253572?s=96&d=mm&r=g\",\"caption\":\"Eduard Nadal\"}}]}<\/script>\n<!-- \/ Yoast SEO plugin. -->","_links":{"self":[{"href":"https:\/\/www.pacteindustrial.org\/es\/wp-json\/wp\/v2\/posts\/3700"}],"collection":[{"href":"https:\/\/www.pacteindustrial.org\/es\/wp-json\/wp\/v2\/posts"}],"about":[{"href":"https:\/\/www.pacteindustrial.org\/es\/wp-json\/wp\/v2\/types\/post"}],"author":[{"embeddable":true,"href":"https:\/\/www.pacteindustrial.org\/es\/wp-json\/wp\/v2\/users\/3"}],"replies":[{"embeddable":true,"href":"https:\/\/www.pacteindustrial.org\/es\/wp-json\/wp\/v2\/comments?post=3700"}],"version-history":[{"count":2,"href":"https:\/\/www.pacteindustrial.org\/es\/wp-json\/wp\/v2\/posts\/3700\/revisions"}],"predecessor-version":[{"id":4912,"href":"https:\/\/www.pacteindustrial.org\/es\/wp-json\/wp\/v2\/posts\/3700\/revisions\/4912"}],"wp:featuredmedia":[{"embeddable":true,"href":"https:\/\/www.pacteindustrial.org\/es\/wp-json\/wp\/v2\/media\/3701"}],"wp:attachment":[{"href":"https:\/\/www.pacteindustrial.org\/es\/wp-json\/wp\/v2\/media?parent=3700"}],"wp:term":[{"taxonomy":"category","embeddable":true,"href":"https:\/\/www.pacteindustrial.org\/es\/wp-json\/wp\/v2\/categories?post=3700"},{"taxonomy":"post_tag","embeddable":true,"href":"https:\/\/www.pacteindustrial.org\/es\/wp-json\/wp\/v2\/tags?post=3700"},{"taxonomy":"post_scope","embeddable":true,"href":"https:\/\/www.pacteindustrial.org\/es\/wp-json\/wp\/v2\/post_scope?post=3700"}],"curies":[{"name":"wp","href":"https:\/\/api.w.org\/{rel}","templated":true}]}}