{"id":3763,"date":"2017-02-09T00:00:00","date_gmt":"2017-02-08T22:00:00","guid":{"rendered":"https:\/\/www.pacteindustrial.org\/reunion-de-la-comision-de-formacion-sobre-la-ley-catalana-de-fp-y-su-despliegue\/"},"modified":"2019-12-18T14:33:20","modified_gmt":"2019-12-18T12:33:20","slug":"reunion-de-la-comision-de-formacion-sobre-la-ley-catalana-de-fp-y-su-despliegue","status":"publish","type":"post","link":"https:\/\/www.pacteindustrial.org\/es\/blog\/reunion-de-la-comision-de-formacion-sobre-la-ley-catalana-de-fp-y-su-despliegue\/","title":{"rendered":"Reuni\u00f3n de la Comisi\u00f3n de Formaci\u00f3n sobre la ley catalana de FP y su despliegue"},"content":{"rendered":"\n<p>El presidente del Consejo Catal\u00e1n de Formaci\u00f3n Profesional,&nbsp;<strong>Jordi Ficapal<\/strong>, ha sido invitado a participar en la \u00faltima reuni\u00f3n de la Comisi\u00f3n de Formaci\u00f3n del Pacto Industrial, celebrada el pasado 9 de febrero en el edificio El Vag\u00f3 del recinto de la Escuela Industrial.&nbsp;<strong>Ficapal<\/strong>&nbsp;ha explicado la ley catalana de FP y su proceso de despliegue.<\/p>\n\n\n\n<p>La reuni\u00f3n ha empezado con la bienvenida de <strong>M.\u00aa Rosa Fiol<\/strong>, presidenta de la Comisi\u00f3n de Formaci\u00f3n, quien ha recordado que la Formaci\u00f3n Profesional ha sido un tema capital de las reuniones de la comisi\u00f3n a lo largo de los \u00faltimos a\u00f1os.&nbsp;<strong>Fiol<\/strong>&nbsp;ha destacado que \u00abtenemos una ley de Formaci\u00f3n Profesional, que casi hace dos a\u00f1os que se aprob\u00f3, y que seguramente muchos se preguntan por su despliegue y aplicaci\u00f3n\u00bb. Por eso ha resaltado que la participaci\u00f3n de&nbsp;<strong>Jordi Ficapal<\/strong>&nbsp;en la reuni\u00f3n ha sido una oportunidad para conocer de primera mano en qu\u00e9 punto se encuentra la ley.<\/p>\n\n\n\n<p>Por su parte,&nbsp;<strong>Jordi Ficapal<\/strong>, presidente del Consejo General de Formaci\u00f3n Profesional, ha iniciado su intervenci\u00f3n resaltando que nos encontramos en un contexto de cambio en el mundo econ\u00f3mico y laboral debido a las disrupciones tecnol\u00f3gicas, socioecon\u00f3micas, geopol\u00edticas y demogr\u00e1ficas, y a un nuevo entorno productivo globalizado y digital. Por eso ha insistido en que necesitamos una transformaci\u00f3n del sistema de Formaci\u00f3n Profesional para impulsar un aprendizaje a lo largo de la vida que adecue las competencias de las personas a las necesidades de las empresas para facilitar la ocupaci\u00f3n.<\/p>\n\n\n\n<p><strong>Ficapal<\/strong>&nbsp;ha apuntado que la visi\u00f3n de esta necesidad de cambio es compartida por todos los agentes econ\u00f3micos i sociales, pero lo que falta es acabar de conseguir el m\u00e1ximo consenso en la gobernanza del sistema de FP para que este funcione de una manera \u00f3ptima.&nbsp;<strong>Ficapal<\/strong>&nbsp;ha detallado que se est\u00e1 trabajando en este aspecto, que necesariamente deber\u00e1 implicar algunas renuncias por parte de todos los agentes.<\/p>\n\n\n\n<p>La reuni\u00f3 ha finalizado con un repaso de las l\u00edneas de actuaci\u00f3n del Pacto Industrial y de las actividades previstas para los pr\u00f3ximos meses, a cargo de&nbsp;<strong>Carles Rivera<\/strong>, coordinador gerente del Pacto Industrial.<\/p>\n\n\n\n<p><em><strong>Enlaces<\/strong><\/em><\/p>\n\n\n\n<p>Presentaci\u00f3n de Jordi Ficapal \u00abContexto y prioridades para el desarrollo del sistema de formaci\u00f3n y Cualificaci\u00f3n Profesionales en Catalu\u00f1a\u00bb (documento en catal\u00e1n)<\/p>\n\n\n\n<figure class=\"wp-block-image size-large\"><a href=\"https:\/\/www.pacteindustrial.org\/public\/docs\/news\/bc7db152d091d134702dbc52f9aba52a.pdf\" target=\"_blank\" rel=\"noreferrer noopener\"><img loading=\"lazy\" width=\"122\" height=\"24\" src=\"https:\/\/www.pacteindustrial.org\/wp-content\/uploads\/2019\/12\/image-31.jpeg\" alt=\"\" class=\"wp-image-4872\"\/><\/a><\/figure>\n\n\n\n<p>Cuaderno 9 del Pacto Industrial \u00abProspectiva de necesidades de ocupaci\u00f3n y formaci\u00f3n en la RMB (2015 i 2020)\u00bb (documento en catal\u00e1n).<\/p>\n\n\n\n<figure class=\"wp-block-image size-large\"><a href=\"http:\/\/goo.gl\/NDW257\" target=\"_blank\" rel=\"noreferrer noopener\"><img loading=\"lazy\" width=\"122\" height=\"24\" src=\"https:\/\/www.pacteindustrial.org\/wp-content\/uploads\/2019\/12\/image-32.jpeg\" alt=\"\" class=\"wp-image-4875\"\/><\/a><\/figure>\n","protected":false},"excerpt":{"rendered":"<p>El presidente del Consejo Catal\u00e1n de Formaci\u00f3n Profesional,&nbsp;Jordi Ficapal, ha sido invitado a participar en la \u00faltima reuni\u00f3n de la Comisi\u00f3n de Formaci\u00f3n del Pacto Industrial, celebrada el pasado 9 de febrero en el edificio El Vag\u00f3 del recinto de la Escuela Industrial.&nbsp;Ficapal&nbsp;ha explicado la ley catalana de FP y su proceso de despliegue. La [&#8230;]<\/p>\n","protected":false},"author":3,"featured_media":3764,"comment_status":"closed","ping_status":"open","sticky":false,"template":"","format":"standard","meta":[],"categories":[335,6,6],"tags":[295,318,318],"post_scope":[190],"yoast_head":"<!-- This site is optimized with the Yoast SEO plugin v16.1.1 - https:\/\/yoast.com\/wordpress\/plugins\/seo\/ -->\n<title>Reuni\u00f3n de la Comisi\u00f3n de Formaci\u00f3n sobre la ley catalana de FP y su despliegue - Pacte Industrial RMB<\/title>\n<link rel=\"canonical\" href=\"https:\/\/www.pacteindustrial.org\/es\/blog\/reunion-de-la-comision-de-formacion-sobre-la-ley-catalana-de-fp-y-su-despliegue\/\" \/>\n<meta property=\"og:locale\" content=\"es_ES\" \/>\n<meta property=\"og:type\" content=\"article\" \/>\n<meta property=\"og:title\" content=\"Reuni\u00f3n de la Comisi\u00f3n de Formaci\u00f3n sobre la ley catalana de FP y su despliegue - Pacte Industrial RMB\" \/>\n<meta property=\"og:description\" content=\"El presidente del Consejo Catal\u00e1n de Formaci\u00f3n Profesional,&nbsp;Jordi Ficapal, ha sido invitado a participar en la \u00faltima reuni\u00f3n de la Comisi\u00f3n de Formaci\u00f3n del Pacto Industrial, celebrada el pasado 9 de febrero en el edificio El Vag\u00f3 del recinto de la Escuela Industrial.&nbsp;Ficapal&nbsp;ha explicado la ley catalana de FP y su proceso de despliegue. La [...]\" \/>\n<meta property=\"og:url\" content=\"https:\/\/www.pacteindustrial.org\/es\/blog\/reunion-de-la-comision-de-formacion-sobre-la-ley-catalana-de-fp-y-su-despliegue\/\" \/>\n<meta property=\"og:site_name\" content=\"Pacte Industrial RMB\" \/>\n<meta property=\"article:published_time\" content=\"2017-02-08T22:00:00+00:00\" \/>\n<meta property=\"article:modified_time\" content=\"2019-12-18T12:33:20+00:00\" \/>\n<meta property=\"og:image\" content=\"https:\/\/www.pacteindustrial.org\/wp-content\/uploads\/2017\/02\/8f4936b5941bc8092681fa4a1bc5d022.jpg\" \/>\n\t<meta property=\"og:image:width\" content=\"1024\" \/>\n\t<meta property=\"og:image:height\" content=\"768\" \/>\n<meta name=\"twitter:card\" content=\"summary_large_image\" \/>\n<meta name=\"twitter:label1\" content=\"Tiempo de lectura\">\n\t<meta name=\"twitter:data1\" content=\"2 minutos\">\n<script type=\"application\/ld+json\" class=\"yoast-schema-graph\">{\"@context\":\"https:\/\/schema.org\",\"@graph\":[{\"@type\":\"WebSite\",\"@id\":\"https:\/\/www.pacteindustrial.org\/ca\/#website\",\"url\":\"https:\/\/www.pacteindustrial.org\/ca\/\",\"name\":\"Pacte Industrial RMB\",\"description\":\"\",\"potentialAction\":[{\"@type\":\"SearchAction\",\"target\":\"https:\/\/www.pacteindustrial.org\/ca\/?s={search_term_string}\",\"query-input\":\"required name=search_term_string\"}],\"inLanguage\":\"es\"},{\"@type\":\"ImageObject\",\"@id\":\"https:\/\/www.pacteindustrial.org\/es\/blog\/reunion-de-la-comision-de-formacion-sobre-la-ley-catalana-de-fp-y-su-despliegue\/#primaryimage\",\"inLanguage\":\"es\",\"url\":\"https:\/\/www.pacteindustrial.org\/wp-content\/uploads\/2017\/02\/8f4936b5941bc8092681fa4a1bc5d022.jpg\",\"contentUrl\":\"https:\/\/www.pacteindustrial.org\/wp-content\/uploads\/2017\/02\/8f4936b5941bc8092681fa4a1bc5d022.jpg\",\"width\":1024,\"height\":768,\"caption\":\"Un momento de la reuni\\u00f3n de la Comisi\\u00f3n de Formaci\\u00f3n\"},{\"@type\":\"WebPage\",\"@id\":\"https:\/\/www.pacteindustrial.org\/es\/blog\/reunion-de-la-comision-de-formacion-sobre-la-ley-catalana-de-fp-y-su-despliegue\/#webpage\",\"url\":\"https:\/\/www.pacteindustrial.org\/es\/blog\/reunion-de-la-comision-de-formacion-sobre-la-ley-catalana-de-fp-y-su-despliegue\/\",\"name\":\"Reuni\\u00f3n de la Comisi\\u00f3n de Formaci\\u00f3n sobre la ley catalana de FP y su despliegue - Pacte Industrial RMB\",\"isPartOf\":{\"@id\":\"https:\/\/www.pacteindustrial.org\/ca\/#website\"},\"primaryImageOfPage\":{\"@id\":\"https:\/\/www.pacteindustrial.org\/es\/blog\/reunion-de-la-comision-de-formacion-sobre-la-ley-catalana-de-fp-y-su-despliegue\/#primaryimage\"},\"datePublished\":\"2017-02-08T22:00:00+00:00\",\"dateModified\":\"2019-12-18T12:33:20+00:00\",\"author\":{\"@id\":\"https:\/\/www.pacteindustrial.org\/ca\/#\/schema\/person\/f01c88f2cf2c11c69866641f45df8c6c\"},\"breadcrumb\":{\"@id\":\"https:\/\/www.pacteindustrial.org\/es\/blog\/reunion-de-la-comision-de-formacion-sobre-la-ley-catalana-de-fp-y-su-despliegue\/#breadcrumb\"},\"inLanguage\":\"es\",\"potentialAction\":[{\"@type\":\"ReadAction\",\"target\":[\"https:\/\/www.pacteindustrial.org\/es\/blog\/reunion-de-la-comision-de-formacion-sobre-la-ley-catalana-de-fp-y-su-despliegue\/\"]}]},{\"@type\":\"BreadcrumbList\",\"@id\":\"https:\/\/www.pacteindustrial.org\/es\/blog\/reunion-de-la-comision-de-formacion-sobre-la-ley-catalana-de-fp-y-su-despliegue\/#breadcrumb\",\"itemListElement\":[{\"@type\":\"ListItem\",\"position\":1,\"item\":{\"@type\":\"WebPage\",\"@id\":\"https:\/\/www.pacteindustrial.org\/es\/\",\"url\":\"https:\/\/www.pacteindustrial.org\/es\/\",\"name\":\"Home\"}},{\"@type\":\"ListItem\",\"position\":2,\"item\":{\"@type\":\"WebPage\",\"@id\":\"https:\/\/www.pacteindustrial.org\/es\/blog\/reunion-de-la-comision-de-formacion-sobre-la-ley-catalana-de-fp-y-su-despliegue\/\",\"url\":\"https:\/\/www.pacteindustrial.org\/es\/blog\/reunion-de-la-comision-de-formacion-sobre-la-ley-catalana-de-fp-y-su-despliegue\/\",\"name\":\"Reuni\\u00f3n de la Comisi\\u00f3n de Formaci\\u00f3n sobre la ley catalana de FP y su despliegue\"}}]},{\"@type\":\"Person\",\"@id\":\"https:\/\/www.pacteindustrial.org\/ca\/#\/schema\/person\/f01c88f2cf2c11c69866641f45df8c6c\",\"name\":\"Eduard Nadal\",\"image\":{\"@type\":\"ImageObject\",\"@id\":\"https:\/\/www.pacteindustrial.org\/ca\/#personlogo\",\"inLanguage\":\"es\",\"url\":\"https:\/\/secure.gravatar.com\/avatar\/1894e8f734287cae5956535114253572?s=96&d=mm&r=g\",\"contentUrl\":\"https:\/\/secure.gravatar.com\/avatar\/1894e8f734287cae5956535114253572?s=96&d=mm&r=g\",\"caption\":\"Eduard Nadal\"}}]}<\/script>\n<!-- \/ Yoast SEO plugin. -->","_links":{"self":[{"href":"https:\/\/www.pacteindustrial.org\/es\/wp-json\/wp\/v2\/posts\/3763"}],"collection":[{"href":"https:\/\/www.pacteindustrial.org\/es\/wp-json\/wp\/v2\/posts"}],"about":[{"href":"https:\/\/www.pacteindustrial.org\/es\/wp-json\/wp\/v2\/types\/post"}],"author":[{"embeddable":true,"href":"https:\/\/www.pacteindustrial.org\/es\/wp-json\/wp\/v2\/users\/3"}],"replies":[{"embeddable":true,"href":"https:\/\/www.pacteindustrial.org\/es\/wp-json\/wp\/v2\/comments?post=3763"}],"version-history":[{"count":2,"href":"https:\/\/www.pacteindustrial.org\/es\/wp-json\/wp\/v2\/posts\/3763\/revisions"}],"predecessor-version":[{"id":4879,"href":"https:\/\/www.pacteindustrial.org\/es\/wp-json\/wp\/v2\/posts\/3763\/revisions\/4879"}],"wp:featuredmedia":[{"embeddable":true,"href":"https:\/\/www.pacteindustrial.org\/es\/wp-json\/wp\/v2\/media\/3764"}],"wp:attachment":[{"href":"https:\/\/www.pacteindustrial.org\/es\/wp-json\/wp\/v2\/media?parent=3763"}],"wp:term":[{"taxonomy":"category","embeddable":true,"href":"https:\/\/www.pacteindustrial.org\/es\/wp-json\/wp\/v2\/categories?post=3763"},{"taxonomy":"post_tag","embeddable":true,"href":"https:\/\/www.pacteindustrial.org\/es\/wp-json\/wp\/v2\/tags?post=3763"},{"taxonomy":"post_scope","embeddable":true,"href":"https:\/\/www.pacteindustrial.org\/es\/wp-json\/wp\/v2\/post_scope?post=3763"}],"curies":[{"name":"wp","href":"https:\/\/api.w.org\/{rel}","templated":true}]}}