{"id":3787,"date":"2017-03-20T00:00:00","date_gmt":"2017-03-19T22:00:00","guid":{"rendered":"https:\/\/www.pacteindustrial.org\/sesion-monografica-de-la-mesa-de-industria-de-la-amb-sobre-las-oficinas-de-atencion-a-la-empresa\/"},"modified":"2019-12-18T14:32:06","modified_gmt":"2019-12-18T12:32:06","slug":"sesion-monografica-de-la-mesa-de-industria-de-la-amb-sobre-las-oficinas-de-atencion-a-la-empresa","status":"publish","type":"post","link":"https:\/\/www.pacteindustrial.org\/es\/blog\/sesion-monografica-de-la-mesa-de-industria-de-la-amb-sobre-las-oficinas-de-atencion-a-la-empresa\/","title":{"rendered":"Sesi\u00f3n monogr\u00e1fica de la Mesa de industria de la AMB sobre las Oficinas de Atenci\u00f3n a la Empresa"},"content":{"rendered":"\n<p>El pasado 20 de marzo ha tenido lugar una sesi\u00f3n monogr\u00e1fica sobre las Oficinas de Atenci\u00f3n a la Empresa (OAE) en el marco de la Mesa de Reactivaci\u00f3n Econ\u00f3mica y Reindustrializaci\u00f3n del \u00c1rea Metropolitana de Barcelona. La reuni\u00f3n, celebrada en la sede de la entidad, ha estado presidida por&nbsp;<strong>Carles Rivera<\/strong>, coordinador gerente del Pacto Industrial de la Regi\u00f3n Metropolitana de Barcelona y presidente en representaci\u00f3n del Pacto Industrial del grupo de trabajo de industria creado en el s\u00ed de esta mesa. Durante su intervenci\u00f3n,&nbsp;<strong>Rivera&nbsp;<\/strong>se ha referido al papel que pueden jugar los diferentes actores en la internacionalizaci\u00f3n de las empresas y ha citado el&nbsp;Cuaderno 13 del Pacto Industrial,&nbsp;<a href=\"http:\/\/goo.gl\/L9OJD6\" target=\"_blank\" rel=\"noreferrer noopener\"><em>La red de apoyo a la internacionalizaci\u00f3n econ\u00f3mica de la RMB<\/em><\/a>, dirigido por el profesor de ESADE&nbsp;<strong>Angel Saz-Carranza<\/strong>, que aporta elementos de racionalidad para la coordinaci\u00f3n de pol\u00edticas en entornos multinivel y multiactor.<\/p>\n\n\n\n<p>En la primera parte de la reuni\u00f3n se ha presentado el estudio&nbsp;<em>Implantaci\u00f3n de Oficinas de Atenci\u00f3n a la Empresa&nbsp;<\/em>elaborado por la consultora Daleph. Los encargados de hacerlo por parte de Daleph han sido&nbsp;<strong>Jaume Amill<\/strong>, director de Empresa e Innovaci\u00f3n, y&nbsp;<strong>Nora Rodr\u00edguez<\/strong>, consultora de organizaci\u00f3n. El estudio categoriza los diferentes tipos de OAC seg\u00fan los servicios que ofrecen y destaca como aspectos clave de estas el perfil de los t\u00e9cnicos y administrativos que hay al frente, la necesidad de invertir en su formaci\u00f3n, y que sus competencias sean transversales.<\/p>\n\n\n\n<p><strong>Experiencias de Ayuntamientos con OAE<\/strong><\/p>\n\n\n\n<p>A continuaci\u00f3n, representantes de los ayuntamientos de&nbsp;<strong>Gav\u00e0<\/strong>,&nbsp;<strong>Sant Cugat del Vall\u00e8s<\/strong>&nbsp;y&nbsp;<strong>Viladecans<\/strong>&nbsp;han presentado sus OAE y&nbsp;<strong>Gemma Cortada<\/strong>, jefa de la Subsecci\u00f3n de Sectores Productivos del Servicio de Tejido Productivo de la Diputaci\u00f3n de Barcelona, ha presentado el estudio&nbsp;<em>Oficinas de Atenci\u00f3n a la Empresa&nbsp;<\/em>elaborado por este ente. En el estudio se destaca que la implantaci\u00f3n de una OAE implica romper las din\u00e1micas tradicionales y las maneras de trabajar compartimentadas para pasar a una atenci\u00f3n integral a la empresa, con un \u00fanico interlocutor que facilita las gestiones y tr\u00e1mites que ha de hacer la empresa con el ayuntamiento. De aqu\u00ed que los diferentes departamentos necesariamente han de colaborar y compartir informaci\u00f3n.<\/p>\n\n\n\n<p><strong><em>Enlaces<\/em><\/strong><\/p>\n\n\n\n<p>Cuaderno 13 del Pacto Industrial \u00abLa red de apoyo a la internacionalizaci\u00f3n econ\u00f3mica de la RMB\u00bb (documento en catal\u00e1n)<\/p>\n\n\n\n<figure class=\"wp-block-image size-large\"><a href=\"https:\/\/www.pacteindustrial.org\/public\/docs\/notebooks\/293d73c3d0a6e461611be5e6e4b6252d.pdf\" target=\"_blank\" rel=\"noreferrer noopener\"><img loading=\"lazy\" width=\"122\" height=\"24\" src=\"https:\/\/www.pacteindustrial.org\/wp-content\/uploads\/2019\/12\/image-29.jpeg\" alt=\"\" class=\"wp-image-4860\"\/><\/a><\/figure>\n\n\n\n<p><em><strong>Noticias relacionadas<\/strong><\/em><\/p>\n\n\n\n<p><a href=\"https:\/\/www.pacteindustrial.org\/index.php\/es\/news\/details\/503#.WNvVyNSLTGg\" target=\"_blank\" rel=\"noreferrer noopener\">El grupo de trabajo de industria de la Mesa de industria de la AMB celebra una sesi\u00f3n monogr\u00e1fica sobre econom\u00eda circular<\/a>.<\/p>\n\n\n\n<p><a href=\"https:\/\/www.pacteindustrial.org\/index.php\/es\/news\/details\/482\/La-internacionalizacion-economica-tema-de-debate-de-la-2-reunion-del-grupo-de-trabajo-de-industria-de-la-Mesa-de-Industria-de-la-AMB#.WNvV0dSLTGg\" target=\"_blank\" rel=\"noreferrer noopener\">La internacionalizaci\u00f3n econ\u00f3mica, tema de debate de la 2\u00aa reuni\u00f3n del grupo de trabajo de industria de la Mesa de Industria de la AMB<\/a>.<\/p>\n\n\n\n<p><a href=\"https:\/\/www.pacteindustrial.org\/index.php\/es\/news\/details\/473\/El-Pacto-Industrial-preside-el-grupo-de-trabajo-de-industria-de-la-Mesa-de-Reactivacion-Economica-y-Reindustrializacion-de-la-AMB#.WNvV0tSLTGg\" target=\"_blank\" rel=\"noreferrer noopener\">El Pacto Industrial preside el grupo de trabajo de industria de la Mesa de Reactivaci\u00f3n Econ\u00f3mica y Reindustrializaci\u00f3n de la AMB<\/a>.<\/p>\n","protected":false},"excerpt":{"rendered":"<p>El pasado 20 de marzo ha tenido lugar una sesi\u00f3n monogr\u00e1fica sobre las Oficinas de Atenci\u00f3n a la Empresa (OAE) en el marco de la Mesa de Reactivaci\u00f3n Econ\u00f3mica y Reindustrializaci\u00f3n del \u00c1rea Metropolitana de Barcelona. La reuni\u00f3n, celebrada en la sede de la entidad, ha estado presidida por&nbsp;Carles Rivera, coordinador gerente del Pacto Industrial [&#8230;]<\/p>\n","protected":false},"author":3,"featured_media":3788,"comment_status":"closed","ping_status":"open","sticky":false,"template":"","format":"standard","meta":[],"categories":[6,6],"tags":[323,326,303,303],"post_scope":[187],"yoast_head":"<!-- This site is optimized with the Yoast SEO plugin v16.1.1 - https:\/\/yoast.com\/wordpress\/plugins\/seo\/ -->\n<title>Sesi\u00f3n monogr\u00e1fica de la Mesa de industria de la AMB sobre las Oficinas de Atenci\u00f3n a la Empresa - Pacte Industrial RMB<\/title>\n<link rel=\"canonical\" href=\"https:\/\/www.pacteindustrial.org\/es\/blog\/sesion-monografica-de-la-mesa-de-industria-de-la-amb-sobre-las-oficinas-de-atencion-a-la-empresa\/\" \/>\n<meta property=\"og:locale\" content=\"es_ES\" \/>\n<meta property=\"og:type\" content=\"article\" \/>\n<meta property=\"og:title\" content=\"Sesi\u00f3n monogr\u00e1fica de la Mesa de industria de la AMB sobre las Oficinas de Atenci\u00f3n a la Empresa - Pacte Industrial RMB\" \/>\n<meta property=\"og:description\" content=\"El pasado 20 de marzo ha tenido lugar una sesi\u00f3n monogr\u00e1fica sobre las Oficinas de Atenci\u00f3n a la Empresa (OAE) en el marco de la Mesa de Reactivaci\u00f3n Econ\u00f3mica y Reindustrializaci\u00f3n del \u00c1rea Metropolitana de Barcelona. La reuni\u00f3n, celebrada en la sede de la entidad, ha estado presidida por&nbsp;Carles Rivera, coordinador gerente del Pacto Industrial [...]\" \/>\n<meta property=\"og:url\" content=\"https:\/\/www.pacteindustrial.org\/es\/blog\/sesion-monografica-de-la-mesa-de-industria-de-la-amb-sobre-las-oficinas-de-atencion-a-la-empresa\/\" \/>\n<meta property=\"og:site_name\" content=\"Pacte Industrial RMB\" \/>\n<meta property=\"article:published_time\" content=\"2017-03-19T22:00:00+00:00\" \/>\n<meta property=\"article:modified_time\" content=\"2019-12-18T12:32:06+00:00\" \/>\n<meta property=\"og:image\" content=\"https:\/\/www.pacteindustrial.org\/wp-content\/uploads\/2017\/03\/3cf48eb64766639f53eb9fb21a667645.jpg\" \/>\n\t<meta property=\"og:image:width\" content=\"1024\" \/>\n\t<meta property=\"og:image:height\" content=\"768\" \/>\n<meta name=\"twitter:card\" content=\"summary_large_image\" \/>\n<meta name=\"twitter:label1\" content=\"Tiempo de lectura\">\n\t<meta name=\"twitter:data1\" content=\"3 minutos\">\n<script type=\"application\/ld+json\" class=\"yoast-schema-graph\">{\"@context\":\"https:\/\/schema.org\",\"@graph\":[{\"@type\":\"WebSite\",\"@id\":\"https:\/\/www.pacteindustrial.org\/ca\/#website\",\"url\":\"https:\/\/www.pacteindustrial.org\/ca\/\",\"name\":\"Pacte Industrial RMB\",\"description\":\"\",\"potentialAction\":[{\"@type\":\"SearchAction\",\"target\":\"https:\/\/www.pacteindustrial.org\/ca\/?s={search_term_string}\",\"query-input\":\"required name=search_term_string\"}],\"inLanguage\":\"es\"},{\"@type\":\"ImageObject\",\"@id\":\"https:\/\/www.pacteindustrial.org\/es\/blog\/sesion-monografica-de-la-mesa-de-industria-de-la-amb-sobre-las-oficinas-de-atencion-a-la-empresa\/#primaryimage\",\"inLanguage\":\"es\",\"url\":\"https:\/\/www.pacteindustrial.org\/wp-content\/uploads\/2017\/03\/3cf48eb64766639f53eb9fb21a667645.jpg\",\"contentUrl\":\"https:\/\/www.pacteindustrial.org\/wp-content\/uploads\/2017\/03\/3cf48eb64766639f53eb9fb21a667645.jpg\",\"width\":1024,\"height\":768,\"caption\":\"De izq. a dcha.: Carles Rivera, Hector Santcovsky, Jaume Amill y Nora Rodr\\u00edguez\"},{\"@type\":\"WebPage\",\"@id\":\"https:\/\/www.pacteindustrial.org\/es\/blog\/sesion-monografica-de-la-mesa-de-industria-de-la-amb-sobre-las-oficinas-de-atencion-a-la-empresa\/#webpage\",\"url\":\"https:\/\/www.pacteindustrial.org\/es\/blog\/sesion-monografica-de-la-mesa-de-industria-de-la-amb-sobre-las-oficinas-de-atencion-a-la-empresa\/\",\"name\":\"Sesi\\u00f3n monogr\\u00e1fica de la Mesa de industria de la AMB sobre las Oficinas de Atenci\\u00f3n a la Empresa - Pacte Industrial RMB\",\"isPartOf\":{\"@id\":\"https:\/\/www.pacteindustrial.org\/ca\/#website\"},\"primaryImageOfPage\":{\"@id\":\"https:\/\/www.pacteindustrial.org\/es\/blog\/sesion-monografica-de-la-mesa-de-industria-de-la-amb-sobre-las-oficinas-de-atencion-a-la-empresa\/#primaryimage\"},\"datePublished\":\"2017-03-19T22:00:00+00:00\",\"dateModified\":\"2019-12-18T12:32:06+00:00\",\"author\":{\"@id\":\"https:\/\/www.pacteindustrial.org\/ca\/#\/schema\/person\/f01c88f2cf2c11c69866641f45df8c6c\"},\"breadcrumb\":{\"@id\":\"https:\/\/www.pacteindustrial.org\/es\/blog\/sesion-monografica-de-la-mesa-de-industria-de-la-amb-sobre-las-oficinas-de-atencion-a-la-empresa\/#breadcrumb\"},\"inLanguage\":\"es\",\"potentialAction\":[{\"@type\":\"ReadAction\",\"target\":[\"https:\/\/www.pacteindustrial.org\/es\/blog\/sesion-monografica-de-la-mesa-de-industria-de-la-amb-sobre-las-oficinas-de-atencion-a-la-empresa\/\"]}]},{\"@type\":\"BreadcrumbList\",\"@id\":\"https:\/\/www.pacteindustrial.org\/es\/blog\/sesion-monografica-de-la-mesa-de-industria-de-la-amb-sobre-las-oficinas-de-atencion-a-la-empresa\/#breadcrumb\",\"itemListElement\":[{\"@type\":\"ListItem\",\"position\":1,\"item\":{\"@type\":\"WebPage\",\"@id\":\"https:\/\/www.pacteindustrial.org\/es\/\",\"url\":\"https:\/\/www.pacteindustrial.org\/es\/\",\"name\":\"Home\"}},{\"@type\":\"ListItem\",\"position\":2,\"item\":{\"@type\":\"WebPage\",\"@id\":\"https:\/\/www.pacteindustrial.org\/es\/blog\/sesion-monografica-de-la-mesa-de-industria-de-la-amb-sobre-las-oficinas-de-atencion-a-la-empresa\/\",\"url\":\"https:\/\/www.pacteindustrial.org\/es\/blog\/sesion-monografica-de-la-mesa-de-industria-de-la-amb-sobre-las-oficinas-de-atencion-a-la-empresa\/\",\"name\":\"Sesi\\u00f3n monogr\\u00e1fica de la Mesa de industria de la AMB sobre las Oficinas de Atenci\\u00f3n a la Empresa\"}}]},{\"@type\":\"Person\",\"@id\":\"https:\/\/www.pacteindustrial.org\/ca\/#\/schema\/person\/f01c88f2cf2c11c69866641f45df8c6c\",\"name\":\"Eduard Nadal\",\"image\":{\"@type\":\"ImageObject\",\"@id\":\"https:\/\/www.pacteindustrial.org\/ca\/#personlogo\",\"inLanguage\":\"es\",\"url\":\"https:\/\/secure.gravatar.com\/avatar\/1894e8f734287cae5956535114253572?s=96&d=mm&r=g\",\"contentUrl\":\"https:\/\/secure.gravatar.com\/avatar\/1894e8f734287cae5956535114253572?s=96&d=mm&r=g\",\"caption\":\"Eduard Nadal\"}}]}<\/script>\n<!-- \/ Yoast SEO plugin. -->","_links":{"self":[{"href":"https:\/\/www.pacteindustrial.org\/es\/wp-json\/wp\/v2\/posts\/3787"}],"collection":[{"href":"https:\/\/www.pacteindustrial.org\/es\/wp-json\/wp\/v2\/posts"}],"about":[{"href":"https:\/\/www.pacteindustrial.org\/es\/wp-json\/wp\/v2\/types\/post"}],"author":[{"embeddable":true,"href":"https:\/\/www.pacteindustrial.org\/es\/wp-json\/wp\/v2\/users\/3"}],"replies":[{"embeddable":true,"href":"https:\/\/www.pacteindustrial.org\/es\/wp-json\/wp\/v2\/comments?post=3787"}],"version-history":[{"count":2,"href":"https:\/\/www.pacteindustrial.org\/es\/wp-json\/wp\/v2\/posts\/3787\/revisions"}],"predecessor-version":[{"id":4864,"href":"https:\/\/www.pacteindustrial.org\/es\/wp-json\/wp\/v2\/posts\/3787\/revisions\/4864"}],"wp:featuredmedia":[{"embeddable":true,"href":"https:\/\/www.pacteindustrial.org\/es\/wp-json\/wp\/v2\/media\/3788"}],"wp:attachment":[{"href":"https:\/\/www.pacteindustrial.org\/es\/wp-json\/wp\/v2\/media?parent=3787"}],"wp:term":[{"taxonomy":"category","embeddable":true,"href":"https:\/\/www.pacteindustrial.org\/es\/wp-json\/wp\/v2\/categories?post=3787"},{"taxonomy":"post_tag","embeddable":true,"href":"https:\/\/www.pacteindustrial.org\/es\/wp-json\/wp\/v2\/tags?post=3787"},{"taxonomy":"post_scope","embeddable":true,"href":"https:\/\/www.pacteindustrial.org\/es\/wp-json\/wp\/v2\/post_scope?post=3787"}],"curies":[{"name":"wp","href":"https:\/\/api.w.org\/{rel}","templated":true}]}}