{"id":4029,"date":"2018-07-06T00:00:00","date_gmt":"2018-07-05T22:00:00","guid":{"rendered":"https:\/\/www.pacteindustrial.org\/el-pacto-industrial-presente-en-la-cumbre-innovacion-tecnologica-y-economia-circular\/"},"modified":"2019-12-18T14:17:14","modified_gmt":"2019-12-18T12:17:14","slug":"el-pacto-industrial-presente-en-la-cumbre-innovacion-tecnologica-y-economia-circular","status":"publish","type":"post","link":"https:\/\/www.pacteindustrial.org\/es\/blog\/el-pacto-industrial-presente-en-la-cumbre-innovacion-tecnologica-y-economia-circular\/","title":{"rendered":"El Pacto Industrial, presente en la Cumbre Innovaci\u00f3n Tecnol\u00f3gica y Econom\u00eda Circular"},"content":{"rendered":"\n<p>El coordinador gerente del Pacto Industrial,&nbsp;<strong>Carles Rivera<\/strong>, ha sido uno de los seleccionados para participar en la&nbsp;<a href=\"https:\/\/cumbrealf.org\/\" target=\"_blank\" rel=\"noreferrer noopener\">Cumbre Innovaci\u00f3n Tecnol\u00f3gica y Econom\u00eda Circular<\/a>&nbsp;celebrada el pasado 6 de julio en Madrid y que ha contado con las ponencias de cuatro premios Nobel, entre ellos el expresidente de los Estados Unidos de Am\u00e9rica&nbsp;<strong>Barack Obama<\/strong>.<\/p>\n\n\n\n<p>Esta cumbre, organizada por la&nbsp;<a href=\"http:\/\/www.advancedleadershipfoundation.org\/home-2\" target=\"_blank\" rel=\"noreferrer noopener\">Advanced Leadership Foundation<\/a>, ha reunido 300 personas representantes de la sociedad civil \u2013entre ellos&nbsp;<strong>Carles Rivera<\/strong>\u2013 comprometidos con el desarrollo sostenible, el emprendimiento, la econom\u00eda circular, la cooperaci\u00f3n internacional, la innovaci\u00f3n, el medioambiente y las nuevas tecnolog\u00edas para que en los pr\u00f3ximos meses difundan los beneficios para el medioambiente y la sociedad de un nuevo modelo econ\u00f3mico basado en la econom\u00eda circular.<\/p>\n\n\n\n<p>Durante su ponencia,&nbsp;<strong>Christopher Pissarides<\/strong>, Premio Nobel de Econom\u00eda el 2010, ha insistido en la necesidad de redoblar esfuerzos en innovaci\u00f3n tecnol\u00f3gica, por su impacto positivo en el trabajo y en el bienestar. Tambi\u00e9n ha puesto el foco en la educaci\u00f3n superior y su responsabilidad en la transmisi\u00f3n de conocimiento para crear nuevos puestos de trabajo en el marco de la econom\u00eda circular. Por su parte, <strong>Finn Kydland<\/strong>, Premio Nobel de Econom\u00eda en 2004, ha recordado que \u00ablos pa\u00edses no crecen si no innovan\u00bb.<\/p>\n\n\n\n<p><em><strong>Enlaces<\/strong><\/em><\/p>\n\n\n\n<p><a href=\"https:\/\/goo.gl\/8P7NjY\" target=\"_blank\" rel=\"noreferrer noopener\">Ciclo \u00abReindustrializaci\u00f3n y sostenibilidad. Horizontes para nuevo desarrollo econ\u00f3mico\u00bb<\/a>.<\/p>\n\n\n\n<p>Papel 4 del Pacto Industrial \u00abQu\u00e9 es la econom\u00eda circular y por qu\u00e9 es importante para el territorio\u00bb.<\/p>\n\n\n\n<figure class=\"wp-block-image size-large\"><a href=\"https:\/\/goo.gl\/AfLd5b\" target=\"_blank\" rel=\"noreferrer noopener\"><img loading=\"lazy\" width=\"122\" height=\"24\" src=\"https:\/\/www.pacteindustrial.org\/wp-content\/uploads\/2019\/12\/image-7.jpeg\" alt=\"\" class=\"wp-image-4768\"\/><\/a><\/figure>\n\n\n\n<p>Cuaderno 14 del Pacto Industrial \u00abGu\u00eda de iniciativas locales hacia la transici\u00f3n energ\u00e9tica en los pol\u00edgonos industriales\u00bb.<\/p>\n\n\n\n<figure class=\"wp-block-image size-large\"><a href=\"https:\/\/goo.gl\/76VBTh\" target=\"_blank\" rel=\"noreferrer noopener\"><img loading=\"lazy\" width=\"122\" height=\"24\" src=\"https:\/\/www.pacteindustrial.org\/wp-content\/uploads\/2019\/12\/image-8.jpeg\" alt=\"\" class=\"wp-image-4771\"\/><\/a><\/figure>\n","protected":false},"excerpt":{"rendered":"<p>El coordinador gerente del Pacto Industrial,&nbsp;Carles Rivera, ha sido uno de los seleccionados para participar en la&nbsp;Cumbre Innovaci\u00f3n Tecnol\u00f3gica y Econom\u00eda Circular&nbsp;celebrada el pasado 6 de julio en Madrid y que ha contado con las ponencias de cuatro premios Nobel, entre ellos el expresidente de los Estados Unidos de Am\u00e9rica&nbsp;Barack Obama. Esta cumbre, organizada por [&#8230;]<\/p>\n","protected":false},"author":3,"featured_media":4030,"comment_status":"closed","ping_status":"open","sticky":false,"template":"","format":"standard","meta":[],"categories":[337,6,6],"tags":[273,273,292,288],"post_scope":[189,192],"yoast_head":"<!-- This site is optimized with the Yoast SEO plugin v16.1.1 - https:\/\/yoast.com\/wordpress\/plugins\/seo\/ -->\n<title>El Pacto Industrial, presente en la Cumbre Innovaci\u00f3n Tecnol\u00f3gica y Econom\u00eda Circular - Pacte Industrial RMB<\/title>\n<link rel=\"canonical\" href=\"https:\/\/www.pacteindustrial.org\/es\/blog\/el-pacto-industrial-presente-en-la-cumbre-innovacion-tecnologica-y-economia-circular\/\" \/>\n<meta property=\"og:locale\" content=\"es_ES\" \/>\n<meta property=\"og:type\" content=\"article\" \/>\n<meta property=\"og:title\" content=\"El Pacto Industrial, presente en la Cumbre Innovaci\u00f3n Tecnol\u00f3gica y Econom\u00eda Circular - Pacte Industrial RMB\" \/>\n<meta property=\"og:description\" content=\"El coordinador gerente del Pacto Industrial,&nbsp;Carles Rivera, ha sido uno de los seleccionados para participar en la&nbsp;Cumbre Innovaci\u00f3n Tecnol\u00f3gica y Econom\u00eda Circular&nbsp;celebrada el pasado 6 de julio en Madrid y que ha contado con las ponencias de cuatro premios Nobel, entre ellos el expresidente de los Estados Unidos de Am\u00e9rica&nbsp;Barack Obama. Esta cumbre, organizada por [...]\" \/>\n<meta property=\"og:url\" content=\"https:\/\/www.pacteindustrial.org\/es\/blog\/el-pacto-industrial-presente-en-la-cumbre-innovacion-tecnologica-y-economia-circular\/\" \/>\n<meta property=\"og:site_name\" content=\"Pacte Industrial RMB\" \/>\n<meta property=\"article:published_time\" content=\"2018-07-05T22:00:00+00:00\" \/>\n<meta property=\"article:modified_time\" content=\"2019-12-18T12:17:14+00:00\" \/>\n<meta property=\"og:image\" content=\"https:\/\/www.pacteindustrial.org\/wp-content\/uploads\/2018\/07\/464531408523ed35cb665a4147f4f9f5.jpg\" \/>\n\t<meta property=\"og:image:width\" content=\"1600\" \/>\n\t<meta property=\"og:image:height\" content=\"900\" \/>\n<meta name=\"twitter:card\" content=\"summary_large_image\" \/>\n<meta name=\"twitter:label1\" content=\"Tiempo de lectura\">\n\t<meta name=\"twitter:data1\" content=\"1 minuto\">\n<script type=\"application\/ld+json\" class=\"yoast-schema-graph\">{\"@context\":\"https:\/\/schema.org\",\"@graph\":[{\"@type\":\"WebSite\",\"@id\":\"https:\/\/www.pacteindustrial.org\/ca\/#website\",\"url\":\"https:\/\/www.pacteindustrial.org\/ca\/\",\"name\":\"Pacte Industrial RMB\",\"description\":\"\",\"potentialAction\":[{\"@type\":\"SearchAction\",\"target\":\"https:\/\/www.pacteindustrial.org\/ca\/?s={search_term_string}\",\"query-input\":\"required name=search_term_string\"}],\"inLanguage\":\"es\"},{\"@type\":\"ImageObject\",\"@id\":\"https:\/\/www.pacteindustrial.org\/es\/blog\/el-pacto-industrial-presente-en-la-cumbre-innovacion-tecnologica-y-economia-circular\/#primaryimage\",\"inLanguage\":\"es\",\"url\":\"https:\/\/www.pacteindustrial.org\/wp-content\/uploads\/2018\/07\/464531408523ed35cb665a4147f4f9f5.jpg\",\"contentUrl\":\"https:\/\/www.pacteindustrial.org\/wp-content\/uploads\/2018\/07\/464531408523ed35cb665a4147f4f9f5.jpg\",\"width\":1600,\"height\":900},{\"@type\":\"WebPage\",\"@id\":\"https:\/\/www.pacteindustrial.org\/es\/blog\/el-pacto-industrial-presente-en-la-cumbre-innovacion-tecnologica-y-economia-circular\/#webpage\",\"url\":\"https:\/\/www.pacteindustrial.org\/es\/blog\/el-pacto-industrial-presente-en-la-cumbre-innovacion-tecnologica-y-economia-circular\/\",\"name\":\"El Pacto Industrial, presente en la Cumbre Innovaci\\u00f3n Tecnol\\u00f3gica y Econom\\u00eda Circular - Pacte Industrial RMB\",\"isPartOf\":{\"@id\":\"https:\/\/www.pacteindustrial.org\/ca\/#website\"},\"primaryImageOfPage\":{\"@id\":\"https:\/\/www.pacteindustrial.org\/es\/blog\/el-pacto-industrial-presente-en-la-cumbre-innovacion-tecnologica-y-economia-circular\/#primaryimage\"},\"datePublished\":\"2018-07-05T22:00:00+00:00\",\"dateModified\":\"2019-12-18T12:17:14+00:00\",\"author\":{\"@id\":\"https:\/\/www.pacteindustrial.org\/ca\/#\/schema\/person\/f01c88f2cf2c11c69866641f45df8c6c\"},\"breadcrumb\":{\"@id\":\"https:\/\/www.pacteindustrial.org\/es\/blog\/el-pacto-industrial-presente-en-la-cumbre-innovacion-tecnologica-y-economia-circular\/#breadcrumb\"},\"inLanguage\":\"es\",\"potentialAction\":[{\"@type\":\"ReadAction\",\"target\":[\"https:\/\/www.pacteindustrial.org\/es\/blog\/el-pacto-industrial-presente-en-la-cumbre-innovacion-tecnologica-y-economia-circular\/\"]}]},{\"@type\":\"BreadcrumbList\",\"@id\":\"https:\/\/www.pacteindustrial.org\/es\/blog\/el-pacto-industrial-presente-en-la-cumbre-innovacion-tecnologica-y-economia-circular\/#breadcrumb\",\"itemListElement\":[{\"@type\":\"ListItem\",\"position\":1,\"item\":{\"@type\":\"WebPage\",\"@id\":\"https:\/\/www.pacteindustrial.org\/es\/\",\"url\":\"https:\/\/www.pacteindustrial.org\/es\/\",\"name\":\"Home\"}},{\"@type\":\"ListItem\",\"position\":2,\"item\":{\"@type\":\"WebPage\",\"@id\":\"https:\/\/www.pacteindustrial.org\/es\/blog\/el-pacto-industrial-presente-en-la-cumbre-innovacion-tecnologica-y-economia-circular\/\",\"url\":\"https:\/\/www.pacteindustrial.org\/es\/blog\/el-pacto-industrial-presente-en-la-cumbre-innovacion-tecnologica-y-economia-circular\/\",\"name\":\"El Pacto Industrial, presente en la Cumbre Innovaci\\u00f3n Tecnol\\u00f3gica y Econom\\u00eda Circular\"}}]},{\"@type\":\"Person\",\"@id\":\"https:\/\/www.pacteindustrial.org\/ca\/#\/schema\/person\/f01c88f2cf2c11c69866641f45df8c6c\",\"name\":\"Eduard Nadal\",\"image\":{\"@type\":\"ImageObject\",\"@id\":\"https:\/\/www.pacteindustrial.org\/ca\/#personlogo\",\"inLanguage\":\"es\",\"url\":\"https:\/\/secure.gravatar.com\/avatar\/1894e8f734287cae5956535114253572?s=96&d=mm&r=g\",\"contentUrl\":\"https:\/\/secure.gravatar.com\/avatar\/1894e8f734287cae5956535114253572?s=96&d=mm&r=g\",\"caption\":\"Eduard Nadal\"}}]}<\/script>\n<!-- \/ Yoast SEO plugin. -->","_links":{"self":[{"href":"https:\/\/www.pacteindustrial.org\/es\/wp-json\/wp\/v2\/posts\/4029"}],"collection":[{"href":"https:\/\/www.pacteindustrial.org\/es\/wp-json\/wp\/v2\/posts"}],"about":[{"href":"https:\/\/www.pacteindustrial.org\/es\/wp-json\/wp\/v2\/types\/post"}],"author":[{"embeddable":true,"href":"https:\/\/www.pacteindustrial.org\/es\/wp-json\/wp\/v2\/users\/3"}],"replies":[{"embeddable":true,"href":"https:\/\/www.pacteindustrial.org\/es\/wp-json\/wp\/v2\/comments?post=4029"}],"version-history":[{"count":2,"href":"https:\/\/www.pacteindustrial.org\/es\/wp-json\/wp\/v2\/posts\/4029\/revisions"}],"predecessor-version":[{"id":4775,"href":"https:\/\/www.pacteindustrial.org\/es\/wp-json\/wp\/v2\/posts\/4029\/revisions\/4775"}],"wp:featuredmedia":[{"embeddable":true,"href":"https:\/\/www.pacteindustrial.org\/es\/wp-json\/wp\/v2\/media\/4030"}],"wp:attachment":[{"href":"https:\/\/www.pacteindustrial.org\/es\/wp-json\/wp\/v2\/media?parent=4029"}],"wp:term":[{"taxonomy":"category","embeddable":true,"href":"https:\/\/www.pacteindustrial.org\/es\/wp-json\/wp\/v2\/categories?post=4029"},{"taxonomy":"post_tag","embeddable":true,"href":"https:\/\/www.pacteindustrial.org\/es\/wp-json\/wp\/v2\/tags?post=4029"},{"taxonomy":"post_scope","embeddable":true,"href":"https:\/\/www.pacteindustrial.org\/es\/wp-json\/wp\/v2\/post_scope?post=4029"}],"curies":[{"name":"wp","href":"https:\/\/api.w.org\/{rel}","templated":true}]}}