{"id":4151,"date":"2019-05-07T00:00:00","date_gmt":"2019-05-06T22:00:00","guid":{"rendered":"https:\/\/www.pacteindustrial.org\/seminario-sobre-iniciativas-locales-para-la-transicion-energetica-en-los-poligonos-industriales-con-la-participacion-del-pacto-industrial\/"},"modified":"2019-12-18T13:56:30","modified_gmt":"2019-12-18T11:56:30","slug":"seminario-sobre-iniciativas-locales-para-la-transicion-energetica-en-los-poligonos-industriales-con-la-participacion-del-pacto-industrial","status":"publish","type":"post","link":"https:\/\/www.pacteindustrial.org\/es\/blog\/seminario-sobre-iniciativas-locales-para-la-transicion-energetica-en-los-poligonos-industriales-con-la-participacion-del-pacto-industrial\/","title":{"rendered":"Seminario sobre iniciativas locales para la transici\u00f3n energ\u00e9tica en los pol\u00edgonos industriales con la participaci\u00f3n del Pacto Industrial"},"content":{"rendered":"\n<p>El coordinador gerente del Pacto Industrial,&nbsp;<strong>Carles Rivera<\/strong>, ha participado en el&nbsp;<strong>seminario t\u00e9cnico \u00abIniciativas locales para la transici\u00f3n energ\u00e9tica en los pol\u00edgonos industriales en clave de econom\u00eda circular\u00bb<\/strong>&nbsp;celebrado el pasado 7 de mayo en Manlleu. El objetivo de este seminario, organizado por la&nbsp;<a href=\"https:\/\/www.diba.cat\/xarxasost\" target=\"_blank\" rel=\"noreferrer noopener\"><strong>Xarxa de Ciutats i Pobles cap a la Sostenibilitat de la Diputaci\u00f3n de Barcelona<\/strong><\/a>&nbsp;y &nbsp;el&nbsp;<a href=\"http:\/\/www.manlleu.cat\/\" target=\"_blank\" rel=\"noreferrer noopener\"><strong>Ayuntamiento de Manlleu<\/strong><\/a>, ha sido&nbsp;<strong>poner en com\u00fan experiencias<\/strong>&nbsp;tanto desde la visi\u00f3n de la gesti\u00f3n energ\u00e9tica municipal como del desarrollo econ\u00f3mico local a partir de la presentaci\u00f3n de diversos casos de \u00e9xito.<\/p>\n\n\n\n<p><strong>Rivera&nbsp;<\/strong>ha explicado como impulsar la sostenibilidad a nivel local desde la cooperaci\u00f3n y las nuevas formas de trabajar. En este sentido, ha destacado que la&nbsp;<strong>cooperaci\u00f3n<\/strong>, el&nbsp;<strong>di\u00e1logo<\/strong>&nbsp;y la&nbsp;<strong>concertaci\u00f3n<\/strong>&nbsp;entre&nbsp;<strong>diferentes actores<\/strong>&nbsp;son&nbsp;<strong>indispensables<\/strong>&nbsp;para los proyectos de&nbsp;<strong>transici\u00f3n energ\u00e9tica<\/strong>&nbsp;y&nbsp;<strong>econom\u00eda circular<\/strong>; y ha se\u00f1alado que la&nbsp;<strong>ONU<\/strong>&nbsp;as\u00ed lo explicita con la&nbsp;<strong>Agenda 2030<\/strong>&nbsp;para el Desarrollo Sostenible y los&nbsp;<strong>Objetivos de Desarrollo Sostenible<\/strong>, concretamente el n\u00famero 17. Por eso ha puesto el&nbsp;<strong>ejemplo del Pacto Industrial<\/strong>, una entidad que propicia la cooperaci\u00f3n y el di\u00e1logo entre administraciones, empresas, agentes sociales y otras entidades relacionadas con el desarrollo econ\u00f3mico.<\/p>\n\n\n\n<p>El coordinador gerente del Pacto Industrial tambi\u00e9n se ha referido a los nuevos&nbsp;<strong>sistemas de informaci\u00f3n<\/strong>&nbsp;de pol\u00edgonos y de actividad econ\u00f3mica que, seg\u00fan ha propuesto, han de incluir <strong>datos e indicadores de sostenibilidad<\/strong>&nbsp;(energ\u00edas renovables, emisiones, etc.). Para&nbsp;<strong>Rivera&nbsp;<\/strong>son un factor de competitividad e informaci\u00f3n indispensable para&nbsp;<strong>aprender<\/strong>,&nbsp;<strong>comparar<\/strong>, <strong>tomar decisiones <\/strong>y&nbsp;<strong>mejorar<\/strong>.<\/p>\n","protected":false},"excerpt":{"rendered":"<p>El coordinador gerente del Pacto Industrial,&nbsp;Carles Rivera, ha participado en el&nbsp;seminario t\u00e9cnico \u00abIniciativas locales para la transici\u00f3n energ\u00e9tica en los pol\u00edgonos industriales en clave de econom\u00eda circular\u00bb&nbsp;celebrado el pasado 7 de mayo en Manlleu. El objetivo de este seminario, organizado por la&nbsp;Xarxa de Ciutats i Pobles cap a la Sostenibilitat de la Diputaci\u00f3n de Barcelona&nbsp;y [&#8230;]<\/p>\n","protected":false},"author":3,"featured_media":4152,"comment_status":"closed","ping_status":"open","sticky":false,"template":"","format":"standard","meta":[],"categories":[336,6,6],"tags":[273,273,289,288,311],"post_scope":[186,192],"yoast_head":"<!-- This site is optimized with the Yoast SEO plugin v16.1.1 - https:\/\/yoast.com\/wordpress\/plugins\/seo\/ -->\n<title>Seminario sobre iniciativas locales para la transici\u00f3n energ\u00e9tica en los pol\u00edgonos industriales con la participaci\u00f3n del Pacto Industrial - Pacte Industrial RMB<\/title>\n<link rel=\"canonical\" href=\"https:\/\/www.pacteindustrial.org\/es\/blog\/seminario-sobre-iniciativas-locales-para-la-transicion-energetica-en-los-poligonos-industriales-con-la-participacion-del-pacto-industrial\/\" \/>\n<meta property=\"og:locale\" content=\"es_ES\" \/>\n<meta property=\"og:type\" content=\"article\" \/>\n<meta property=\"og:title\" content=\"Seminario sobre iniciativas locales para la transici\u00f3n energ\u00e9tica en los pol\u00edgonos industriales con la participaci\u00f3n del Pacto Industrial - Pacte Industrial RMB\" \/>\n<meta property=\"og:description\" content=\"El coordinador gerente del Pacto Industrial,&nbsp;Carles Rivera, ha participado en el&nbsp;seminario t\u00e9cnico \u00abIniciativas locales para la transici\u00f3n energ\u00e9tica en los pol\u00edgonos industriales en clave de econom\u00eda circular\u00bb&nbsp;celebrado el pasado 7 de mayo en Manlleu. El objetivo de este seminario, organizado por la&nbsp;Xarxa de Ciutats i Pobles cap a la Sostenibilitat de la Diputaci\u00f3n de Barcelona&nbsp;y [...]\" \/>\n<meta property=\"og:url\" content=\"https:\/\/www.pacteindustrial.org\/es\/blog\/seminario-sobre-iniciativas-locales-para-la-transicion-energetica-en-los-poligonos-industriales-con-la-participacion-del-pacto-industrial\/\" \/>\n<meta property=\"og:site_name\" content=\"Pacte Industrial RMB\" \/>\n<meta property=\"article:published_time\" content=\"2019-05-06T22:00:00+00:00\" \/>\n<meta property=\"article:modified_time\" content=\"2019-12-18T11:56:30+00:00\" \/>\n<meta property=\"og:image\" content=\"https:\/\/www.pacteindustrial.org\/wp-content\/uploads\/2019\/05\/d6e45c4d8e6c9f54107d57dfeb08428c.jpg\" \/>\n\t<meta property=\"og:image:width\" content=\"1494\" \/>\n\t<meta property=\"og:image:height\" content=\"996\" \/>\n<meta name=\"twitter:card\" content=\"summary_large_image\" \/>\n<meta name=\"twitter:label1\" content=\"Tiempo de lectura\">\n\t<meta name=\"twitter:data1\" content=\"2 minutos\">\n<script type=\"application\/ld+json\" class=\"yoast-schema-graph\">{\"@context\":\"https:\/\/schema.org\",\"@graph\":[{\"@type\":\"WebSite\",\"@id\":\"https:\/\/www.pacteindustrial.org\/ca\/#website\",\"url\":\"https:\/\/www.pacteindustrial.org\/ca\/\",\"name\":\"Pacte Industrial RMB\",\"description\":\"\",\"potentialAction\":[{\"@type\":\"SearchAction\",\"target\":\"https:\/\/www.pacteindustrial.org\/ca\/?s={search_term_string}\",\"query-input\":\"required name=search_term_string\"}],\"inLanguage\":\"es\"},{\"@type\":\"ImageObject\",\"@id\":\"https:\/\/www.pacteindustrial.org\/es\/blog\/seminario-sobre-iniciativas-locales-para-la-transicion-energetica-en-los-poligonos-industriales-con-la-participacion-del-pacto-industrial\/#primaryimage\",\"inLanguage\":\"es\",\"url\":\"https:\/\/www.pacteindustrial.org\/wp-content\/uploads\/2019\/05\/d6e45c4d8e6c9f54107d57dfeb08428c.jpg\",\"contentUrl\":\"https:\/\/www.pacteindustrial.org\/wp-content\/uploads\/2019\/05\/d6e45c4d8e6c9f54107d57dfeb08428c.jpg\",\"width\":1494,\"height\":996,\"caption\":\"Carles Rivera en un momento de su intervenci\\u00f3n.\"},{\"@type\":\"WebPage\",\"@id\":\"https:\/\/www.pacteindustrial.org\/es\/blog\/seminario-sobre-iniciativas-locales-para-la-transicion-energetica-en-los-poligonos-industriales-con-la-participacion-del-pacto-industrial\/#webpage\",\"url\":\"https:\/\/www.pacteindustrial.org\/es\/blog\/seminario-sobre-iniciativas-locales-para-la-transicion-energetica-en-los-poligonos-industriales-con-la-participacion-del-pacto-industrial\/\",\"name\":\"Seminario sobre iniciativas locales para la transici\\u00f3n energ\\u00e9tica en los pol\\u00edgonos industriales con la participaci\\u00f3n del Pacto Industrial - Pacte Industrial RMB\",\"isPartOf\":{\"@id\":\"https:\/\/www.pacteindustrial.org\/ca\/#website\"},\"primaryImageOfPage\":{\"@id\":\"https:\/\/www.pacteindustrial.org\/es\/blog\/seminario-sobre-iniciativas-locales-para-la-transicion-energetica-en-los-poligonos-industriales-con-la-participacion-del-pacto-industrial\/#primaryimage\"},\"datePublished\":\"2019-05-06T22:00:00+00:00\",\"dateModified\":\"2019-12-18T11:56:30+00:00\",\"author\":{\"@id\":\"https:\/\/www.pacteindustrial.org\/ca\/#\/schema\/person\/f01c88f2cf2c11c69866641f45df8c6c\"},\"breadcrumb\":{\"@id\":\"https:\/\/www.pacteindustrial.org\/es\/blog\/seminario-sobre-iniciativas-locales-para-la-transicion-energetica-en-los-poligonos-industriales-con-la-participacion-del-pacto-industrial\/#breadcrumb\"},\"inLanguage\":\"es\",\"potentialAction\":[{\"@type\":\"ReadAction\",\"target\":[\"https:\/\/www.pacteindustrial.org\/es\/blog\/seminario-sobre-iniciativas-locales-para-la-transicion-energetica-en-los-poligonos-industriales-con-la-participacion-del-pacto-industrial\/\"]}]},{\"@type\":\"BreadcrumbList\",\"@id\":\"https:\/\/www.pacteindustrial.org\/es\/blog\/seminario-sobre-iniciativas-locales-para-la-transicion-energetica-en-los-poligonos-industriales-con-la-participacion-del-pacto-industrial\/#breadcrumb\",\"itemListElement\":[{\"@type\":\"ListItem\",\"position\":1,\"item\":{\"@type\":\"WebPage\",\"@id\":\"https:\/\/www.pacteindustrial.org\/es\/\",\"url\":\"https:\/\/www.pacteindustrial.org\/es\/\",\"name\":\"Home\"}},{\"@type\":\"ListItem\",\"position\":2,\"item\":{\"@type\":\"WebPage\",\"@id\":\"https:\/\/www.pacteindustrial.org\/es\/blog\/seminario-sobre-iniciativas-locales-para-la-transicion-energetica-en-los-poligonos-industriales-con-la-participacion-del-pacto-industrial\/\",\"url\":\"https:\/\/www.pacteindustrial.org\/es\/blog\/seminario-sobre-iniciativas-locales-para-la-transicion-energetica-en-los-poligonos-industriales-con-la-participacion-del-pacto-industrial\/\",\"name\":\"Seminario sobre iniciativas locales para la transici\\u00f3n energ\\u00e9tica en los pol\\u00edgonos industriales con la participaci\\u00f3n del Pacto Industrial\"}}]},{\"@type\":\"Person\",\"@id\":\"https:\/\/www.pacteindustrial.org\/ca\/#\/schema\/person\/f01c88f2cf2c11c69866641f45df8c6c\",\"name\":\"Eduard Nadal\",\"image\":{\"@type\":\"ImageObject\",\"@id\":\"https:\/\/www.pacteindustrial.org\/ca\/#personlogo\",\"inLanguage\":\"es\",\"url\":\"https:\/\/secure.gravatar.com\/avatar\/1894e8f734287cae5956535114253572?s=96&d=mm&r=g\",\"contentUrl\":\"https:\/\/secure.gravatar.com\/avatar\/1894e8f734287cae5956535114253572?s=96&d=mm&r=g\",\"caption\":\"Eduard Nadal\"}}]}<\/script>\n<!-- \/ Yoast SEO plugin. -->","_links":{"self":[{"href":"https:\/\/www.pacteindustrial.org\/es\/wp-json\/wp\/v2\/posts\/4151"}],"collection":[{"href":"https:\/\/www.pacteindustrial.org\/es\/wp-json\/wp\/v2\/posts"}],"about":[{"href":"https:\/\/www.pacteindustrial.org\/es\/wp-json\/wp\/v2\/types\/post"}],"author":[{"embeddable":true,"href":"https:\/\/www.pacteindustrial.org\/es\/wp-json\/wp\/v2\/users\/3"}],"replies":[{"embeddable":true,"href":"https:\/\/www.pacteindustrial.org\/es\/wp-json\/wp\/v2\/comments?post=4151"}],"version-history":[{"count":2,"href":"https:\/\/www.pacteindustrial.org\/es\/wp-json\/wp\/v2\/posts\/4151\/revisions"}],"predecessor-version":[{"id":4741,"href":"https:\/\/www.pacteindustrial.org\/es\/wp-json\/wp\/v2\/posts\/4151\/revisions\/4741"}],"wp:featuredmedia":[{"embeddable":true,"href":"https:\/\/www.pacteindustrial.org\/es\/wp-json\/wp\/v2\/media\/4152"}],"wp:attachment":[{"href":"https:\/\/www.pacteindustrial.org\/es\/wp-json\/wp\/v2\/media?parent=4151"}],"wp:term":[{"taxonomy":"category","embeddable":true,"href":"https:\/\/www.pacteindustrial.org\/es\/wp-json\/wp\/v2\/categories?post=4151"},{"taxonomy":"post_tag","embeddable":true,"href":"https:\/\/www.pacteindustrial.org\/es\/wp-json\/wp\/v2\/tags?post=4151"},{"taxonomy":"post_scope","embeddable":true,"href":"https:\/\/www.pacteindustrial.org\/es\/wp-json\/wp\/v2\/post_scope?post=4151"}],"curies":[{"name":"wp","href":"https:\/\/api.w.org\/{rel}","templated":true}]}}